{"id":1028,"date":"2020-03-27T10:18:16","date_gmt":"2020-03-27T10:18:16","guid":{"rendered":"http:\/\/www.crvenikrizbuje.hr\/?p=1028"},"modified":"2020-03-27T10:18:17","modified_gmt":"2020-03-27T10:18:17","slug":"covid-19-5","status":"publish","type":"post","link":"https:\/\/www.crvenikrizbuje.hr\/?p=1028","title":{"rendered":"COVID-19"},"content":{"rendered":"\n<p>KRIZNI URED CRVENOG KRI\u017dA BUJ\u0160TINE<\/p>\n\n\n\n<p>Dragi svi. Ipak je u redu da vas izvjescujemo sto radimo i kako napredujemo.<br>Organizirali smo se na na\u010din da imamo timove volontera.<br>Timovi koje se javljaju na na\u0161e telefonske linije, timovi koji obavljaju kupnju lijekova i namirnica, te timovi koji vr\u0161e dostavu namirnica.<br>Imamo dogovore sa ljekarnama, te sa trgova\u010dkim lancima sto se narud\u017ebi tice i na\u010dina rada.<br>Moramo napomenuti da su nam kriteriji usmjereni ka starijim i nemo\u0107nim doma\u0107instvima, socijalnim korisnicima te osobama u samoizolaciji s valjanim rje\u0161enjem.<br>Molimo Vas da se daje na va\u017enosti i usmjeri pa\u017enja ka dobrosusjedskim odnosima.<br>I molimo Vas ukoliko na\u0161i stariji imaju djecu koja su u mogu\u0107nosti nabavke da nas ne zovu.<br>Pobrinite se pomo\u0107i unutar obitelji kako bi mi dali naglasak na one koji su sami i nemo\u0107ni koji stvarno nemaju nikoga za pomo\u0107.<br>Isto tako napomena, nemojte se pla\u0161iti kad vidite nasa vozila po naselju, nisu svi va\u0161i susjedi koje posje\u0107ujemo u samoizolaciji&nbsp;&#x1f609;<\/p>\n\n\n\n<p>Eto za ovih prvih par dana pomo\u0107i jako smo zadovoljni; i snagom volontera, i vrstom pomo\u0107i i va\u0161im sugestijama.<br>Dosta doma\u0107instvima dobilo je i hranu i lijekove.<br>Ovo je svima prvi pokusni tjedan i dr\u017eite nam svima pal\u010deve.&nbsp;&#x1f4aa;&#x1f3fc;<br>________________________________________________<\/p>\n\n\n\n<p>UFFICI AMMINISTRATIVI &#8211; COMANDO OPERATIVO DI CRISI DELLA CROCE ROSSA DEL BUIESE<\/p>\n\n\n\n<p>Carissimi, troviamo giusto rendervi noto del nostro lavoro e di come procediamo con l&#8217;organizzazione.<br>Abbiamo le nostre squadre dedicate alla linea tefonica, squadre che vanno a reperire i medicinali e i generi alimentari e le squadre che fanno le consegne a domicilio.<br>Con le farmacie del nostro territorio ci siamo organizzati al fine di riuscire a reperire i medicinali richiesti, con i negozio per i generi alimentari.<br>Dobbiamo ricordare che i criteri dei richiedenti sono incentrati per le persone anziane, persone in autoisolamento con certificazione.<br>Vi preghiamo in caso di bisogno di vedere con qualche vicino o famigliare di vedere se puo&#8217; andare lui\/lei stesso\/a a reperire i fabbisogni giornalieri, nel momento in cui non trovate nessuno potete contattare noi.<br>Non prendete paura se ci vedete con la macchina di servizio in giro o indossando l&#8217;uniforme, non tutti i vicini sono in isolamento!&nbsp;&#x1f609;<\/p>\n\n\n\n<p>Per finire, siamo felici che in questi pochi giorni siamo riusciti a formare un buon numero di volontari che si sono affiancati a noi in questa situazione.<\/p>\n","protected":false},"excerpt":{"rendered":"<p>KRIZNI URED CRVENOG KRI\u017dA BUJ\u0160TINE Dragi svi. Ipak je u redu da vas izvjescujemo sto radimo i kako napredujemo.Organizirali smo se na na\u010din da imamo timove volontera.Timovi koje se javljaju<\/p>\n","protected":false},"author":1,"featured_media":1029,"comment_status":"closed","ping_status":"closed","sticky":false,"template":"","format":"standard","meta":{"_monsterinsights_skip_tracking":false,"_monsterinsights_sitenote_active":false,"_monsterinsights_sitenote_note":"","_monsterinsights_sitenote_category":0,"footnotes":""},"categories":[3],"tags":[],"class_list":["post-1028","post","type-post","status-publish","format-standard","has-post-thumbnail","hentry","category-novo"],"_links":{"self":[{"href":"https:\/\/www.crvenikrizbuje.hr\/index.php?rest_route=\/wp\/v2\/posts\/1028","targetHints":{"allow":["GET"]}}],"collection":[{"href":"https:\/\/www.crvenikrizbuje.hr\/index.php?rest_route=\/wp\/v2\/posts"}],"about":[{"href":"https:\/\/www.crvenikrizbuje.hr\/index.php?rest_route=\/wp\/v2\/types\/post"}],"author":[{"embeddable":true,"href":"https:\/\/www.crvenikrizbuje.hr\/index.php?rest_route=\/wp\/v2\/users\/1"}],"replies":[{"embeddable":true,"href":"https:\/\/www.crvenikrizbuje.hr\/index.php?rest_route=%2Fwp%2Fv2%2Fcomments&post=1028"}],"version-history":[{"count":0,"href":"https:\/\/www.crvenikrizbuje.hr\/index.php?rest_route=\/wp\/v2\/posts\/1028\/revisions"}],"wp:featuredmedia":[{"embeddable":true,"href":"https:\/\/www.crvenikrizbuje.hr\/index.php?rest_route=\/wp\/v2\/media\/1029"}],"wp:attachment":[{"href":"https:\/\/www.crvenikrizbuje.hr\/index.php?rest_route=%2Fwp%2Fv2%2Fmedia&parent=1028"}],"wp:term":[{"taxonomy":"category","embeddable":true,"href":"https:\/\/www.crvenikrizbuje.hr\/index.php?rest_route=%2Fwp%2Fv2%2Fcategories&post=1028"},{"taxonomy":"post_tag","embeddable":true,"href":"https:\/\/www.crvenikrizbuje.hr\/index.php?rest_route=%2Fwp%2Fv2%2Ftags&post=1028"}],"curies":[{"name":"wp","href":"https:\/\/api.w.org\/{rel}","templated":true}]}}