{"id":1070,"date":"2020-05-08T06:44:12","date_gmt":"2020-05-08T06:44:12","guid":{"rendered":"http:\/\/www.crvenikrizbuje.hr\/?p=1070"},"modified":"2021-02-02T09:28:47","modified_gmt":"2021-02-02T09:28:47","slug":"zahvalna-podjela-kolaca","status":"publish","type":"post","link":"https:\/\/www.crvenikrizbuje.hr\/?p=1070","title":{"rendered":"zahvalna podjela kola\u010da"},"content":{"rendered":"\n<p>  <\/p>\n\n\n\n<p>Danas smo podijelili kola\u010de svim na\u0161im slu\u017ebama JVP Umag, HMP Umag, Policijska postaja Umag, Dom zdravlja Umag koji svih ovih mjeseci skupa s nama sudjeluju aktivno u krizi Covid-19!! U slast svim lije\u010dnicima, vatrogascima, med. sestrama, policajcima voza\u010dima i volonterima. Ovim putem se zahvaljujemo na pomo\u0107i na\u0161em Domu umirovljenika &#8220;Atilio Gamboc&#8221; Umag i&nbsp;<a href=\"https:\/\/www.facebook.com\/zigantetartufi\/?__tn__=K-R&amp;eid=ARD4lKyL1B1O3zyILQnWx-cGladh2k14L_mziF19aGiicYrRxS3BBYTrzbQ7cYYqnTMgdVuKrEBS_M51&amp;fref=mentions&amp;__xts__%5B0%5D=68.ARA3ySxBlEP3WHLoOlo5VuXQA9kqnjUzMvLk9TmIVHNBugJV8TqV0ogH84IGbAyouLemWO0Ik9xokkQ6A_2IrxhEBzhZpm1xk88XWn_egiugMiBmShECgrufwwqiEdnSO5uRfEm_VaKeu5i9KsOS2jio2keIENiwO9nLXK55AmUbK8uRKxT3mtVknqNdevlEuhS5xR30wajOc-JnPiRzDgU7ZCBE8PIg6jh99ZwxWkGO_qOgqbE6WuUSeOH_yUKRXywdj_g0L8PmPXxUgtQlnr8D03ILgUDqwEjyVORd2vTTJsTN-A3UlzQ3RTt6NDo-ewELFnROePoviml_b1EAnaBjKw\">Zigante tartufi International<\/a>&nbsp;na donaciji!!&nbsp;&#x1f601;&#x1f601;&#x1f44f;&#x1f691;&#x1f693;&#x1f692;&#x1f6a8;&nbsp;<a href=\"https:\/\/www.facebook.com\/hashtag\/crvenikrizbuje?source=feed_text&amp;epa=HASHTAG&amp;__xts__%5B0%5D=68.ARA3ySxBlEP3WHLoOlo5VuXQA9kqnjUzMvLk9TmIVHNBugJV8TqV0ogH84IGbAyouLemWO0Ik9xokkQ6A_2IrxhEBzhZpm1xk88XWn_egiugMiBmShECgrufwwqiEdnSO5uRfEm_VaKeu5i9KsOS2jio2keIENiwO9nLXK55AmUbK8uRKxT3mtVknqNdevlEuhS5xR30wajOc-JnPiRzDgU7ZCBE8PIg6jh99ZwxWkGO_qOgqbE6WuUSeOH_yUKRXywdj_g0L8PmPXxUgtQlnr8D03ILgUDqwEjyVORd2vTTJsTN-A3UlzQ3RTt6NDo-ewELFnROePoviml_b1EAnaBjKw&amp;__tn__=%2ANK-R\">#crvenikrizbuje<\/a>&nbsp;<a href=\"https:\/\/www.facebook.com\/hashtag\/hck?source=feed_text&amp;epa=HASHTAG&amp;__xts__%5B0%5D=68.ARA3ySxBlEP3WHLoOlo5VuXQA9kqnjUzMvLk9TmIVHNBugJV8TqV0ogH84IGbAyouLemWO0Ik9xokkQ6A_2IrxhEBzhZpm1xk88XWn_egiugMiBmShECgrufwwqiEdnSO5uRfEm_VaKeu5i9KsOS2jio2keIENiwO9nLXK55AmUbK8uRKxT3mtVknqNdevlEuhS5xR30wajOc-JnPiRzDgU7ZCBE8PIg6jh99ZwxWkGO_qOgqbE6WuUSeOH_yUKRXywdj_g0L8PmPXxUgtQlnr8D03ILgUDqwEjyVORd2vTTJsTN-A3UlzQ3RTt6NDo-ewELFnROePoviml_b1EAnaBjKw&amp;__tn__=%2ANK-R\">#hck<\/a>&nbsp;<a href=\"https:\/\/www.facebook.com\/hashtag\/volonteri?source=feed_text&amp;epa=HASHTAG&amp;__xts__%5B0%5D=68.ARA3ySxBlEP3WHLoOlo5VuXQA9kqnjUzMvLk9TmIVHNBugJV8TqV0ogH84IGbAyouLemWO0Ik9xokkQ6A_2IrxhEBzhZpm1xk88XWn_egiugMiBmShECgrufwwqiEdnSO5uRfEm_VaKeu5i9KsOS2jio2keIENiwO9nLXK55AmUbK8uRKxT3mtVknqNdevlEuhS5xR30wajOc-JnPiRzDgU7ZCBE8PIg6jh99ZwxWkGO_qOgqbE6WuUSeOH_yUKRXywdj_g0L8PmPXxUgtQlnr8D03ILgUDqwEjyVORd2vTTJsTN-A3UlzQ3RTt6NDo-ewELFnROePoviml_b1EAnaBjKw&amp;__tn__=%2ANK-R\">#volonteri<\/a>&nbsp;<a href=\"https:\/\/www.facebook.com\/hashtag\/zajednosmojaci?source=feed_text&amp;epa=HASHTAG&amp;__xts__%5B0%5D=68.ARA3ySxBlEP3WHLoOlo5VuXQA9kqnjUzMvLk9TmIVHNBugJV8TqV0ogH84IGbAyouLemWO0Ik9xokkQ6A_2IrxhEBzhZpm1xk88XWn_egiugMiBmShECgrufwwqiEdnSO5uRfEm_VaKeu5i9KsOS2jio2keIENiwO9nLXK55AmUbK8uRKxT3mtVknqNdevlEuhS5xR30wajOc-JnPiRzDgU7ZCBE8PIg6jh99ZwxWkGO_qOgqbE6WuUSeOH_yUKRXywdj_g0L8PmPXxUgtQlnr8D03ILgUDqwEjyVORd2vTTJsTN-A3UlzQ3RTt6NDo-ewELFnROePoviml_b1EAnaBjKw&amp;__tn__=%2ANK-R\">#zajednosmojaci<\/a>&nbsp;&#x1f604;&#x1f604;&#x1f44c;<br>&#8212;&#8212;&#8212;&#8212;&#8212;&#8212;&#8212;&#8212;&#8212;&#8212;&#8212;&#8212;&#8212;&#8211;<br>Con l&#8217;aiuto della casa dell&#8217;anziano &#8220;Atilio Gamboc&#8221; di Umago, oggi abbiamo distribuito dei dolci ai servizi di soccorso quali Vigili del fuoco di Umago, il pronto soccorso di Umago, la stazione di polizia di Umago, casa della salute di Umago, che in questi mesi assieme a noi collaborano e lavorano per combattere il covid-19! Ringraziamo anche Zigante tartufi International per la donazione<\/p>\n\n\n\n<p><\/p>\n\n\n\n<p><\/p>\n","protected":false},"excerpt":{"rendered":"<p>Danas smo podijelili kola\u010de svim na\u0161im slu\u017ebama JVP Umag, HMP Umag, Policijska postaja Umag, Dom zdravlja Umag koji svih ovih mjeseci skupa s nama sudjeluju aktivno u krizi Covid-19!! U<\/p>\n","protected":false},"author":1,"featured_media":1071,"comment_status":"closed","ping_status":"closed","sticky":false,"template":"","format":"standard","meta":{"_monsterinsights_skip_tracking":false,"_monsterinsights_sitenote_active":false,"_monsterinsights_sitenote_note":"","_monsterinsights_sitenote_category":0,"footnotes":""},"categories":[3],"tags":[],"class_list":["post-1070","post","type-post","status-publish","format-standard","has-post-thumbnail","hentry","category-novo"],"_links":{"self":[{"href":"https:\/\/www.crvenikrizbuje.hr\/index.php?rest_route=\/wp\/v2\/posts\/1070","targetHints":{"allow":["GET"]}}],"collection":[{"href":"https:\/\/www.crvenikrizbuje.hr\/index.php?rest_route=\/wp\/v2\/posts"}],"about":[{"href":"https:\/\/www.crvenikrizbuje.hr\/index.php?rest_route=\/wp\/v2\/types\/post"}],"author":[{"embeddable":true,"href":"https:\/\/www.crvenikrizbuje.hr\/index.php?rest_route=\/wp\/v2\/users\/1"}],"replies":[{"embeddable":true,"href":"https:\/\/www.crvenikrizbuje.hr\/index.php?rest_route=%2Fwp%2Fv2%2Fcomments&post=1070"}],"version-history":[{"count":0,"href":"https:\/\/www.crvenikrizbuje.hr\/index.php?rest_route=\/wp\/v2\/posts\/1070\/revisions"}],"wp:featuredmedia":[{"embeddable":true,"href":"https:\/\/www.crvenikrizbuje.hr\/index.php?rest_route=\/wp\/v2\/media\/1071"}],"wp:attachment":[{"href":"https:\/\/www.crvenikrizbuje.hr\/index.php?rest_route=%2Fwp%2Fv2%2Fmedia&parent=1070"}],"wp:term":[{"taxonomy":"category","embeddable":true,"href":"https:\/\/www.crvenikrizbuje.hr\/index.php?rest_route=%2Fwp%2Fv2%2Fcategories&post=1070"},{"taxonomy":"post_tag","embeddable":true,"href":"https:\/\/www.crvenikrizbuje.hr\/index.php?rest_route=%2Fwp%2Fv2%2Ftags&post=1070"}],"curies":[{"name":"wp","href":"https:\/\/api.w.org\/{rel}","templated":true}]}}