{"id":1073,"date":"2020-05-08T06:45:35","date_gmt":"2020-05-08T06:45:35","guid":{"rendered":"http:\/\/www.crvenikrizbuje.hr\/?p=1073"},"modified":"2021-02-17T11:24:25","modified_gmt":"2021-02-17T11:24:25","slug":"svjetski-dan-crvenog-kriza-8-svibnja","status":"publish","type":"post","link":"https:\/\/www.crvenikrizbuje.hr\/?p=1073","title":{"rendered":"svjetski dan crvenog kri\u017ea 8. svibnja"},"content":{"rendered":"\n<p>  <\/p>\n\n\n\n<p>\n\nSutra\u0161nji Svjetski dan Crvenog kri\u017ea obilje\u017eavamo na druga\u010diji na\u010din nego \u0161to smo<br>navikli di sada!! Ova fotografija je uvod u sve ono \u0161to smo pripremili u Tjednu Crvenog kri\u017ea&nbsp;<\/p>\n\n\n\n<figure class=\"wp-block-image\"><img decoding=\"async\" src=\"https:\/\/static.xx.fbcdn.net\/images\/emoji.php\/v9\/t6c\/1\/16\/2764.png\" alt=\"\"\/><\/figure>\n\n\n\n<p>&lt;3&#x1f60a;&#x1f60a;&#x1f60a;&#x1f4aa;&#x1f44d;&#x1f44c;&#x1f30d;<br><a href=\"https:\/\/www.facebook.com\/hashtag\/worldredcrossday?source=feed_text&amp;epa=HASHTAG&amp;__xts__%5B0%5D=68.ARDFAKjd5ry3ygZCYzx18UbyMMvZCnUJohiyDsdGtpbpWuVZJT7kbOaYYpz1j5BHCF77eO4bHi03HwLiuKiSiQYj4_U8j2VL4-Nhxdpu6BLZjADdAbLLoTLncDRB_5MP3-4ygbgeZ7dxQfIqxGOkrHSpsMtj4WUd7SqO0VtNR4jezNB-HyqqkIuMXLPhFFM6FA3hWmsgXAtK_Qos7cw4PMEYJdNgfrynRUGSGbSY16kVsC0F5JH2otc6ar16wP-Jdmsuzps0CUtlbEl8Y1XlLgPko5qzBae2iz-P8hmKCoC7GXF0bWoE8sHxt9Q7xNJ8PIYkg1OzJi1QrerxyKQ8vpkqVg&amp;__tn__=%2ANK-R\">#worldredcrossday<\/a><a href=\"https:\/\/www.facebook.com\/hashtag\/crvenikrizbujstine?source=feed_text&amp;epa=HASHTAG&amp;__xts__%5B0%5D=68.ARDFAKjd5ry3ygZCYzx18UbyMMvZCnUJohiyDsdGtpbpWuVZJT7kbOaYYpz1j5BHCF77eO4bHi03HwLiuKiSiQYj4_U8j2VL4-Nhxdpu6BLZjADdAbLLoTLncDRB_5MP3-4ygbgeZ7dxQfIqxGOkrHSpsMtj4WUd7SqO0VtNR4jezNB-HyqqkIuMXLPhFFM6FA3hWmsgXAtK_Qos7cw4PMEYJdNgfrynRUGSGbSY16kVsC0F5JH2otc6ar16wP-Jdmsuzps0CUtlbEl8Y1XlLgPko5qzBae2iz-P8hmKCoC7GXF0bWoE8sHxt9Q7xNJ8PIYkg1OzJi1QrerxyKQ8vpkqVg&amp;__tn__=%2ANK-R\">#crvenikrizbujstine<\/a><a href=\"https:\/\/www.facebook.com\/hashtag\/redcross?source=feed_text&amp;epa=HASHTAG&amp;__xts__%5B0%5D=68.ARDFAKjd5ry3ygZCYzx18UbyMMvZCnUJohiyDsdGtpbpWuVZJT7kbOaYYpz1j5BHCF77eO4bHi03HwLiuKiSiQYj4_U8j2VL4-Nhxdpu6BLZjADdAbLLoTLncDRB_5MP3-4ygbgeZ7dxQfIqxGOkrHSpsMtj4WUd7SqO0VtNR4jezNB-HyqqkIuMXLPhFFM6FA3hWmsgXAtK_Qos7cw4PMEYJdNgfrynRUGSGbSY16kVsC0F5JH2otc6ar16wP-Jdmsuzps0CUtlbEl8Y1XlLgPko5qzBae2iz-P8hmKCoC7GXF0bWoE8sHxt9Q7xNJ8PIYkg1OzJi1QrerxyKQ8vpkqVg&amp;__tn__=%2ANK-R\">#redcross<\/a><a href=\"https:\/\/www.facebook.com\/hashtag\/hck?source=feed_text&amp;epa=HASHTAG&amp;__xts__%5B0%5D=68.ARDFAKjd5ry3ygZCYzx18UbyMMvZCnUJohiyDsdGtpbpWuVZJT7kbOaYYpz1j5BHCF77eO4bHi03HwLiuKiSiQYj4_U8j2VL4-Nhxdpu6BLZjADdAbLLoTLncDRB_5MP3-4ygbgeZ7dxQfIqxGOkrHSpsMtj4WUd7SqO0VtNR4jezNB-HyqqkIuMXLPhFFM6FA3hWmsgXAtK_Qos7cw4PMEYJdNgfrynRUGSGbSY16kVsC0F5JH2otc6ar16wP-Jdmsuzps0CUtlbEl8Y1XlLgPko5qzBae2iz-P8hmKCoC7GXF0bWoE8sHxt9Q7xNJ8PIYkg1OzJi1QrerxyKQ8vpkqVg&amp;__tn__=%2ANK-R\">#hck<\/a><\/p>\n\n\n\n<p><a href=\"https:\/\/www.facebook.com\/hashtag\/volonterihvala?source=feed_text&amp;epa=HASHTAG&amp;__xts__%5B0%5D=68.ARDFAKjd5ry3ygZCYzx18UbyMMvZCnUJohiyDsdGtpbpWuVZJT7kbOaYYpz1j5BHCF77eO4bHi03HwLiuKiSiQYj4_U8j2VL4-Nhxdpu6BLZjADdAbLLoTLncDRB_5MP3-4ygbgeZ7dxQfIqxGOkrHSpsMtj4WUd7SqO0VtNR4jezNB-HyqqkIuMXLPhFFM6FA3hWmsgXAtK_Qos7cw4PMEYJdNgfrynRUGSGbSY16kVsC0F5JH2otc6ar16wP-Jdmsuzps0CUtlbEl8Y1XlLgPko5qzBae2iz-P8hmKCoC7GXF0bWoE8sHxt9Q7xNJ8PIYkg1OzJi1QrerxyKQ8vpkqVg&amp;__tn__=%2ANK-R\">#VolonteriHvala<\/a><a href=\"https:\/\/www.facebook.com\/hashtag\/volonterimijenjajusvijet?source=feed_text&amp;epa=HASHTAG&amp;__xts__%5B0%5D=68.ARDFAKjd5ry3ygZCYzx18UbyMMvZCnUJohiyDsdGtpbpWuVZJT7kbOaYYpz1j5BHCF77eO4bHi03HwLiuKiSiQYj4_U8j2VL4-Nhxdpu6BLZjADdAbLLoTLncDRB_5MP3-4ygbgeZ7dxQfIqxGOkrHSpsMtj4WUd7SqO0VtNR4jezNB-HyqqkIuMXLPhFFM6FA3hWmsgXAtK_Qos7cw4PMEYJdNgfrynRUGSGbSY16kVsC0F5JH2otc6ar16wP-Jdmsuzps0CUtlbEl8Y1XlLgPko5qzBae2iz-P8hmKCoC7GXF0bWoE8sHxt9Q7xNJ8PIYkg1OzJi1QrerxyKQ8vpkqVg&amp;__tn__=%2ANK-R\">#VolonteriMijenjajuSvijet<\/a><\/p>\n\n\n\n<p><\/p>\n\n\n\n<p><\/p>\n","protected":false},"excerpt":{"rendered":"<p>Sutra\u0161nji Svjetski dan Crvenog kri\u017ea obilje\u017eavamo na druga\u010diji na\u010din nego \u0161to smonavikli di sada!! Ova fotografija je uvod u sve ono \u0161to smo pripremili u Tjednu Crvenog kri\u017ea&nbsp; &lt;3&#x1f60a;&#x1f60a;&#x1f60a;&#x1f4aa;&#x1f44d;&#x1f44c;&#x1f30d;#worldredcrossday#crvenikrizbujstine#redcross#hck #VolonteriHvala#VolonteriMijenjajuSvijet<\/p>\n","protected":false},"author":1,"featured_media":1074,"comment_status":"closed","ping_status":"closed","sticky":false,"template":"","format":"standard","meta":{"_monsterinsights_skip_tracking":false,"_monsterinsights_sitenote_active":false,"_monsterinsights_sitenote_note":"","_monsterinsights_sitenote_category":0,"footnotes":""},"categories":[3],"tags":[],"class_list":["post-1073","post","type-post","status-publish","format-standard","has-post-thumbnail","hentry","category-novo"],"_links":{"self":[{"href":"https:\/\/www.crvenikrizbuje.hr\/index.php?rest_route=\/wp\/v2\/posts\/1073","targetHints":{"allow":["GET"]}}],"collection":[{"href":"https:\/\/www.crvenikrizbuje.hr\/index.php?rest_route=\/wp\/v2\/posts"}],"about":[{"href":"https:\/\/www.crvenikrizbuje.hr\/index.php?rest_route=\/wp\/v2\/types\/post"}],"author":[{"embeddable":true,"href":"https:\/\/www.crvenikrizbuje.hr\/index.php?rest_route=\/wp\/v2\/users\/1"}],"replies":[{"embeddable":true,"href":"https:\/\/www.crvenikrizbuje.hr\/index.php?rest_route=%2Fwp%2Fv2%2Fcomments&post=1073"}],"version-history":[{"count":0,"href":"https:\/\/www.crvenikrizbuje.hr\/index.php?rest_route=\/wp\/v2\/posts\/1073\/revisions"}],"wp:featuredmedia":[{"embeddable":true,"href":"https:\/\/www.crvenikrizbuje.hr\/index.php?rest_route=\/wp\/v2\/media\/1074"}],"wp:attachment":[{"href":"https:\/\/www.crvenikrizbuje.hr\/index.php?rest_route=%2Fwp%2Fv2%2Fmedia&parent=1073"}],"wp:term":[{"taxonomy":"category","embeddable":true,"href":"https:\/\/www.crvenikrizbuje.hr\/index.php?rest_route=%2Fwp%2Fv2%2Fcategories&post=1073"},{"taxonomy":"post_tag","embeddable":true,"href":"https:\/\/www.crvenikrizbuje.hr\/index.php?rest_route=%2Fwp%2Fv2%2Ftags&post=1073"}],"curies":[{"name":"wp","href":"https:\/\/api.w.org\/{rel}","templated":true}]}}