{"id":1375,"date":"2021-01-05T10:16:00","date_gmt":"2021-01-05T10:16:00","guid":{"rendered":"http:\/\/www.crvenikrizbuje.hr\/?p=1375"},"modified":"2021-02-17T11:14:09","modified_gmt":"2021-02-17T11:14:09","slug":"zahvala-za-prekogranicnu-pomoc","status":"publish","type":"post","link":"https:\/\/www.crvenikrizbuje.hr\/?p=1375","title":{"rendered":"ME\u0110UNARODNI DAN VOLONTERA"},"content":{"rendered":"\n<p>DRAGI VOLONTERI, HVALA VAM \u0160TO \u010cINITE NA\u0160E DRU\u0160TVO BOLJIM MJESTOM U dana\u0161njem vremenu kada nas je pogodila najve\u0107a zdravstvena kriza suvremenog \u010dovjeka i sve nas stavila u nepovoljnu situaciju, gdje osim zdravstvenih pote\u0161ko\u0107a povla\u010di i socijalne probleme, vi\u0161e nego ikad potrebna nam je humanost, dobrota i solidarnost.Pitanje dobrote ili zla u ljudskom rodu oduvijek je bilo predmet razmi\u0161ljanja velikih mislioca. I nekako se uvijek provla\u010dio op\u0107i zaklju\u010dak kako svaki pojedinac svojim djelovanjem, a ne tek pasivnim promatranjem, mo\u017ee pomo\u0107i da prevlada dobro.Crveni kri\u017e Buj\u0161tine je od po\u010detka 2020. godine zabilje\u017eio vi\u0161e od 5.000 sati volonterskog djelovanja. Kao i u svim dosada\u0161njim krizama (domovinski rat, poplave, migrantska kriza) u kojima se direktno ili indirektno na\u0161lo na\u0161e dru\u0161tvo, pokazalo se da smo tu iza\u0161li najspremniji i uvijek dostupni za sve ljude u potrebi.Na\u0161a najve\u0107a snaga ste upravo vi VOLONTERI koji ste i sada unato\u010d svim pote\u0161ko\u0107ama, neizvjesnosti, izlaganjem mogu\u0107oj zarazi, obilazili ljude u potrebi, poklonili osmijeh, razgovor te pru\u017eili podr\u0161ku i ruku humanosti, kako bi znali da ni u ovome nisu sami.ZAHVALJUJEMO VAM SE NA SVEMU I \u010cESTITAMO ME\u0110UNARODNI DAN VOLONTERA <\/p>\n\n\n\n<div class=\"wp-block-image\"><figure class=\"aligncenter size-large\"><img loading=\"lazy\" decoding=\"async\" width=\"600\" height=\"536\" src=\"https:\/\/www.crvenikrizbuje.hr\/wp-content\/uploads\/2021\/02\/VOLONTERI.jpg\" alt=\"\" class=\"wp-image-1414\" srcset=\"https:\/\/www.crvenikrizbuje.hr\/wp-content\/uploads\/2021\/02\/VOLONTERI.jpg 600w, https:\/\/www.crvenikrizbuje.hr\/wp-content\/uploads\/2021\/02\/VOLONTERI-300x268.jpg 300w\" sizes=\"auto, (max-width: 600px) 100vw, 600px\" \/><\/figure><\/div>\n\n\n\n<p><strong>[ELISABETTA PETRETI\u0106, VOLONTERKA GRADA UMAGA 2020.]<\/strong><\/p>\n\n\n\n<p>Zbog izre\u010dene mjere izolacije na\u0161a Elisabetta uz svog ljubimca Olivera zahvalila se na dodjeljenoj nagradi od ku\u0107e!!.<\/p>\n\n\n\n<p>Sve\u010danim prijemom kod Gradona\u010delnika obilje\u017een je i ove godine Me\u0111unarodni dan volontera. S ciljem podizanja svijesti i \u0161irenju volonterstva, Grad Umag ve\u0107 devetu godinu za redom bira volontere godine koji svojim plemenitim aktivnostima predstavljaju ideal i uzor te \u010dine na\u0161u zajednicu boljom i slo\u017enijom. Tako je danas 05. prosinca 2020.godine gradona\u010delnik Vili Bassanese i njegovi zamjenici primili nagra\u0111ene volontere.Me\u0111u nagra\u0111enim volonterima, odnosno volonterkama , na podru\u010dju Grada Umaga u 2020. izabrana je na\u0161a mlada volonterka Elisabetta Petreti\u0107 koja je u protekloj godini za zajednicu volontirala ukupno vise od 215 sati. U ime volontera i djelatnika Crvenog kri\u017ea Buj\u0161tine \u010destitamo svim dobitnicima priznanja<\/p>\n\n\n\n<p><a href=\"https:\/\/www.facebook.com\/hashtag\/volonteri2020?__eep__=6&amp;__cft__[0]=AZWzy31OVKEmb0yUwE8xzEuxT6P0SNO1pZgu1D8XfSZz2Boo9v2z7a70jaUYkOAPfLiojXYeU0epaLYhSniaX7KBFxrx-3cJ-Pq_d29gMfl9nVXMmdv2gL20GnB-6OJEk2VvGJSZ2kIbn9s0djfO_MJQxZdaRef3YTamQSgyR1VoN2qt3_aFcTCX0X_Ts3t0pCw&amp;__tn__=*NK-R\">#volonteri2020<\/a><a href=\"https:\/\/www.facebook.com\/hashtag\/crvenikrizbujstine?__eep__=6&amp;__cft__[0]=AZWzy31OVKEmb0yUwE8xzEuxT6P0SNO1pZgu1D8XfSZz2Boo9v2z7a70jaUYkOAPfLiojXYeU0epaLYhSniaX7KBFxrx-3cJ-Pq_d29gMfl9nVXMmdv2gL20GnB-6OJEk2VvGJSZ2kIbn9s0djfO_MJQxZdaRef3YTamQSgyR1VoN2qt3_aFcTCX0X_Ts3t0pCw&amp;__tn__=*NK-R\">#crvenikrizbujstine<\/a><a href=\"https:\/\/www.facebook.com\/hashtag\/hck?__eep__=6&amp;__cft__[0]=AZWzy31OVKEmb0yUwE8xzEuxT6P0SNO1pZgu1D8XfSZz2Boo9v2z7a70jaUYkOAPfLiojXYeU0epaLYhSniaX7KBFxrx-3cJ-Pq_d29gMfl9nVXMmdv2gL20GnB-6OJEk2VvGJSZ2kIbn9s0djfO_MJQxZdaRef3YTamQSgyR1VoN2qt3_aFcTCX0X_Ts3t0pCw&amp;__tn__=*NK-R\">#hck<\/a><a href=\"https:\/\/www.facebook.com\/hashtag\/danvolontera?__eep__=6&amp;__cft__[0]=AZWzy31OVKEmb0yUwE8xzEuxT6P0SNO1pZgu1D8XfSZz2Boo9v2z7a70jaUYkOAPfLiojXYeU0epaLYhSniaX7KBFxrx-3cJ-Pq_d29gMfl9nVXMmdv2gL20GnB-6OJEk2VvGJSZ2kIbn9s0djfO_MJQxZdaRef3YTamQSgyR1VoN2qt3_aFcTCX0X_Ts3t0pCw&amp;__tn__=*NK-R\">#danvolontera<\/a><\/p>\n\n\n\n<div class=\"wp-block-image\"><figure class=\"aligncenter size-large\"><img loading=\"lazy\" decoding=\"async\" width=\"720\" height=\"540\" src=\"http:\/\/www.crvenikrizbuje.hr\/wp-content\/uploads\/2021\/02\/ELI.jpg\" alt=\"\" class=\"wp-image-1411\" srcset=\"https:\/\/www.crvenikrizbuje.hr\/wp-content\/uploads\/2021\/02\/ELI.jpg 720w, https:\/\/www.crvenikrizbuje.hr\/wp-content\/uploads\/2021\/02\/ELI-300x225.jpg 300w\" sizes=\"auto, (max-width: 720px) 100vw, 720px\" \/><\/figure><\/div>\n","protected":false},"excerpt":{"rendered":"<p>DRAGI VOLONTERI, HVALA VAM \u0160TO \u010cINITE NA\u0160E DRU\u0160TVO BOLJIM MJESTOM U dana\u0161njem vremenu kada nas je pogodila najve\u0107a zdravstvena kriza suvremenog \u010dovjeka i sve nas stavila u nepovoljnu situaciju, gdje<\/p>\n","protected":false},"author":1,"featured_media":1413,"comment_status":"closed","ping_status":"closed","sticky":false,"template":"","format":"standard","meta":{"_monsterinsights_skip_tracking":false,"_monsterinsights_sitenote_active":false,"_monsterinsights_sitenote_note":"","_monsterinsights_sitenote_category":0,"footnotes":""},"categories":[3],"tags":[],"class_list":["post-1375","post","type-post","status-publish","format-standard","has-post-thumbnail","hentry","category-novo"],"_links":{"self":[{"href":"https:\/\/www.crvenikrizbuje.hr\/index.php?rest_route=\/wp\/v2\/posts\/1375","targetHints":{"allow":["GET"]}}],"collection":[{"href":"https:\/\/www.crvenikrizbuje.hr\/index.php?rest_route=\/wp\/v2\/posts"}],"about":[{"href":"https:\/\/www.crvenikrizbuje.hr\/index.php?rest_route=\/wp\/v2\/types\/post"}],"author":[{"embeddable":true,"href":"https:\/\/www.crvenikrizbuje.hr\/index.php?rest_route=\/wp\/v2\/users\/1"}],"replies":[{"embeddable":true,"href":"https:\/\/www.crvenikrizbuje.hr\/index.php?rest_route=%2Fwp%2Fv2%2Fcomments&post=1375"}],"version-history":[{"count":0,"href":"https:\/\/www.crvenikrizbuje.hr\/index.php?rest_route=\/wp\/v2\/posts\/1375\/revisions"}],"wp:featuredmedia":[{"embeddable":true,"href":"https:\/\/www.crvenikrizbuje.hr\/index.php?rest_route=\/wp\/v2\/media\/1413"}],"wp:attachment":[{"href":"https:\/\/www.crvenikrizbuje.hr\/index.php?rest_route=%2Fwp%2Fv2%2Fmedia&parent=1375"}],"wp:term":[{"taxonomy":"category","embeddable":true,"href":"https:\/\/www.crvenikrizbuje.hr\/index.php?rest_route=%2Fwp%2Fv2%2Fcategories&post=1375"},{"taxonomy":"post_tag","embeddable":true,"href":"https:\/\/www.crvenikrizbuje.hr\/index.php?rest_route=%2Fwp%2Fv2%2Ftags&post=1375"}],"curies":[{"name":"wp","href":"https:\/\/api.w.org\/{rel}","templated":true}]}}