{"id":1380,"date":"2021-01-09T11:51:00","date_gmt":"2021-01-09T11:51:00","guid":{"rendered":"http:\/\/www.crvenikrizbuje.hr\/?p=1380"},"modified":"2021-02-11T12:04:42","modified_gmt":"2021-02-11T12:04:42","slug":"potres-u-brojkama","status":"publish","type":"post","link":"https:\/\/www.crvenikrizbuje.hr\/?p=1380","title":{"rendered":"potres u brojkama"},"content":{"rendered":"\n<p>  <\/p>\n\n\n\n<p>KRIZA POTRES &#8211; CRVENI KRI\u017d BUJ\u0160TINE U BROJKAMA <\/p>\n\n\n\n<p>Kratko izvje\u0161\u0107e svih aktivnosti koje je Crveni kri\u017e Buj\u0161tine napravio u prvih 10 dana krize za podru\u010dja pogo\u0111ena potresom!! Zahvaljujemo se svima koji su nam pomogli u realizaciji svih ovih aktivnosti!! <img loading=\"lazy\" decoding=\"async\" height=\"16\" width=\"16\" alt=\"&#x1f44f;\" src=\"https:\/\/static.xx.fbcdn.net\/images\/emoji.php\/v9\/tfe\/1\/16\/1f44f.png\"><img loading=\"lazy\" decoding=\"async\" height=\"16\" width=\"16\" alt=\"&#x2764;\" src=\"https:\/\/static.xx.fbcdn.net\/images\/emoji.php\/v9\/t6c\/1\/16\/2764.png\"><\/p>\n\n\n\n<p> Svi smo zajedno pokazali kako zajedno mo\u017eemo napraviti puno<\/p>\n\n\n\n<p>CRISI TERREMOTO &#8211; LA CROCE ROSSA DEL BUIESE IN NUMERIPiccolo resoconto delle attivita&#8217; svolte dalla nostra Croce Rossa nei primi 10 giorni dalla crisi del sisma.Ringraziamo tutti coloro che ci hanno aiutato nella realizzazioni di tutte le nostre attivita&#8217;.<\/p>\n\n\n\n<p>Assieme abbiamo dimostrato come possiamo fare molto.<\/p>\n\n\n\n<p>(izvje\u0161\u0107e\/Resoconto &#8211; 09.01.2021)<\/p>\n\n\n\n<figure class=\"wp-block-image size-large\"><img loading=\"lazy\" decoding=\"async\" width=\"526\" height=\"771\" src=\"https:\/\/www.crvenikrizbuje.hr\/wp-content\/uploads\/2021\/02\/potres.jpg\" alt=\"\" class=\"wp-image-1381\" srcset=\"https:\/\/www.crvenikrizbuje.hr\/wp-content\/uploads\/2021\/02\/potres.jpg 526w, https:\/\/www.crvenikrizbuje.hr\/wp-content\/uploads\/2021\/02\/potres-205x300.jpg 205w\" sizes=\"auto, (max-width: 526px) 100vw, 526px\" \/><\/figure>\n\n\n\n<p class=\"has-text-align-left\">Danas, 04.01.2021. je oko 12:00h iz Umaga krenuo humanitarni konvoj prehrambenih artikla, higijenskih potrep\u0161tina i za\u0161titne opreme. Zahvaljujemo se ovim putem na\u0161im volonterima isto tako ogromna zahvala ide <a rel=\"noreferrer noopener\" href=\"https:\/\/www.facebook.com\/dvdumag\/\" target=\"_blank\">DVD-u Umag<\/a>!! Decki zakon ste!! Isto tako \u017eelimo se zahvaliti Autoprijevozniku Zlatku Brusi\u0107u iz Umaga i njegovom sinu Kristjanu Brusi\u0107u na pomoci!!<\/p>\n\n\n\n<p class=\"has-text-align-left\">Ukupna koli\u010dina donacije iz Umaga, Buja i Novigrada!! Prehrambeni artikli 10. 231,65kg &#8211; Higijenski artikli 8656kom &#8211; Zastitna oprema 35099kom &#8211; Hrana za \u017eivotinje 211,85kg &#8211; Deke 310kom.<\/p>\n\n\n\n<figure class=\"wp-block-image size-large\"><img loading=\"lazy\" decoding=\"async\" width=\"960\" height=\"720\" src=\"https:\/\/www.crvenikrizbuje.hr\/wp-content\/uploads\/2021\/02\/konvoj.jpg\" alt=\"\" class=\"wp-image-1382\" srcset=\"https:\/\/www.crvenikrizbuje.hr\/wp-content\/uploads\/2021\/02\/konvoj.jpg 960w, https:\/\/www.crvenikrizbuje.hr\/wp-content\/uploads\/2021\/02\/konvoj-300x225.jpg 300w, https:\/\/www.crvenikrizbuje.hr\/wp-content\/uploads\/2021\/02\/konvoj-768x576.jpg 768w\" sizes=\"auto, (max-width: 960px) 100vw, 960px\" \/><\/figure>\n","protected":false},"excerpt":{"rendered":"<p>KRIZA POTRES &#8211; CRVENI KRI\u017d BUJ\u0160TINE U BROJKAMA Kratko izvje\u0161\u0107e svih aktivnosti koje je Crveni kri\u017e Buj\u0161tine napravio u prvih 10 dana krize za podru\u010dja pogo\u0111ena potresom!! Zahvaljujemo se svima<\/p>\n","protected":false},"author":1,"featured_media":1384,"comment_status":"closed","ping_status":"closed","sticky":false,"template":"","format":"standard","meta":{"_monsterinsights_skip_tracking":false,"_monsterinsights_sitenote_active":false,"_monsterinsights_sitenote_note":"","_monsterinsights_sitenote_category":0,"footnotes":""},"categories":[3],"tags":[],"class_list":["post-1380","post","type-post","status-publish","format-standard","has-post-thumbnail","hentry","category-novo"],"_links":{"self":[{"href":"https:\/\/www.crvenikrizbuje.hr\/index.php?rest_route=\/wp\/v2\/posts\/1380","targetHints":{"allow":["GET"]}}],"collection":[{"href":"https:\/\/www.crvenikrizbuje.hr\/index.php?rest_route=\/wp\/v2\/posts"}],"about":[{"href":"https:\/\/www.crvenikrizbuje.hr\/index.php?rest_route=\/wp\/v2\/types\/post"}],"author":[{"embeddable":true,"href":"https:\/\/www.crvenikrizbuje.hr\/index.php?rest_route=\/wp\/v2\/users\/1"}],"replies":[{"embeddable":true,"href":"https:\/\/www.crvenikrizbuje.hr\/index.php?rest_route=%2Fwp%2Fv2%2Fcomments&post=1380"}],"version-history":[{"count":0,"href":"https:\/\/www.crvenikrizbuje.hr\/index.php?rest_route=\/wp\/v2\/posts\/1380\/revisions"}],"wp:featuredmedia":[{"embeddable":true,"href":"https:\/\/www.crvenikrizbuje.hr\/index.php?rest_route=\/wp\/v2\/media\/1384"}],"wp:attachment":[{"href":"https:\/\/www.crvenikrizbuje.hr\/index.php?rest_route=%2Fwp%2Fv2%2Fmedia&parent=1380"}],"wp:term":[{"taxonomy":"category","embeddable":true,"href":"https:\/\/www.crvenikrizbuje.hr\/index.php?rest_route=%2Fwp%2Fv2%2Fcategories&post=1380"},{"taxonomy":"post_tag","embeddable":true,"href":"https:\/\/www.crvenikrizbuje.hr\/index.php?rest_route=%2Fwp%2Fv2%2Ftags&post=1380"}],"curies":[{"name":"wp","href":"https:\/\/api.w.org\/{rel}","templated":true}]}}