{"id":1397,"date":"2020-12-08T10:36:00","date_gmt":"2020-12-08T10:36:00","guid":{"rendered":"http:\/\/www.crvenikrizbuje.hr\/?p=1397"},"modified":"2021-02-17T10:45:39","modified_gmt":"2021-02-17T10:45:39","slug":"solidarnost-na-djelu","status":"publish","type":"post","link":"https:\/\/www.crvenikrizbuje.hr\/?p=1397","title":{"rendered":"BETON SA SRCEM"},"content":{"rendered":"\n<p>  <\/p>\n\n\n\n<p>Posebno nam je drago kada unato\u010d te\u0161koj godini kako za nas tako i za privatni sektor!! Ipak se prona\u0111e na\u010din da se pomogne onim najugro\u017eenijim u na\u0161oj zajednici. Naime inicijator Humanitarne akcije vlasnik tvrtke Beton.hr nakon na\u0161eg apela rado se uklju\u010dio u pomo\u0107 i i time podr\u017eao na\u0161u dugogodi\u0161nju Humanitarnu akciju &#8220;Solidarnost na djelu 2020&#8221; <a href=\"https:\/\/www.facebook.com\/hashtag\/socijalniprogram?__eep__=6&amp;__cft__[0]=AZXScnvohVq7UnJXkD8F-BOWMGP5kx6ZEHxc_mzcATFh1qDCxYpexYwdArdq1oo5v1ZjtcZW4ZrswhNdWJT1gO3I8g9pKzLCapylRXOw9SoeNMFlydWy5Y0PVMQhMH6l5QzET2MxcySg0mpRkWDZJROF8eCwXkoP658cg3YvUpyz5HpYDg6WBZBDPeqiNE05xPQ&amp;__tn__=*NK-R\">#socijalniprogram<\/a> <a href=\"https:\/\/www.facebook.com\/hashtag\/zajednomozemovise?__eep__=6&amp;__cft__[0]=AZXScnvohVq7UnJXkD8F-BOWMGP5kx6ZEHxc_mzcATFh1qDCxYpexYwdArdq1oo5v1ZjtcZW4ZrswhNdWJT1gO3I8g9pKzLCapylRXOw9SoeNMFlydWy5Y0PVMQhMH6l5QzET2MxcySg0mpRkWDZJROF8eCwXkoP658cg3YvUpyz5HpYDg6WBZBDPeqiNE05xPQ&amp;__tn__=*NK-R\">#zajednomozemovise<\/a> <a href=\"https:\/\/www.facebook.com\/hashtag\/crvenikrizbujstine?__eep__=6&amp;__cft__[0]=AZXScnvohVq7UnJXkD8F-BOWMGP5kx6ZEHxc_mzcATFh1qDCxYpexYwdArdq1oo5v1ZjtcZW4ZrswhNdWJT1gO3I8g9pKzLCapylRXOw9SoeNMFlydWy5Y0PVMQhMH6l5QzET2MxcySg0mpRkWDZJROF8eCwXkoP658cg3YvUpyz5HpYDg6WBZBDPeqiNE05xPQ&amp;__tn__=*NK-R\">#crvenikrizbujstine<\/a><\/p>\n\n\n\n<p><\/p>\n\n\n\n<div class=\"wp-block-image\"><figure class=\"aligncenter size-large\"><img loading=\"lazy\" decoding=\"async\" width=\"783\" height=\"1024\" src=\"https:\/\/www.crvenikrizbuje.hr\/wp-content\/uploads\/2021\/02\/BETON-783x1024.jpg\" alt=\"\" class=\"wp-image-1408\" srcset=\"https:\/\/www.crvenikrizbuje.hr\/wp-content\/uploads\/2021\/02\/BETON-783x1024.jpg 783w, https:\/\/www.crvenikrizbuje.hr\/wp-content\/uploads\/2021\/02\/BETON-229x300.jpg 229w, https:\/\/www.crvenikrizbuje.hr\/wp-content\/uploads\/2021\/02\/BETON-768x1004.jpg 768w, https:\/\/www.crvenikrizbuje.hr\/wp-content\/uploads\/2021\/02\/BETON.jpg 868w\" sizes=\"auto, (max-width: 783px) 100vw, 783px\" \/><\/figure><\/div>\n\n\n\n<p><\/p>\n","protected":false},"excerpt":{"rendered":"<p>Posebno nam je drago kada unato\u010d te\u0161koj godini kako za nas tako i za privatni sektor!! Ipak se prona\u0111e na\u010din da se pomogne onim najugro\u017eenijim u na\u0161oj zajednici. Naime inicijator<\/p>\n","protected":false},"author":1,"featured_media":432,"comment_status":"closed","ping_status":"closed","sticky":false,"template":"","format":"standard","meta":{"_monsterinsights_skip_tracking":false,"_monsterinsights_sitenote_active":false,"_monsterinsights_sitenote_note":"","_monsterinsights_sitenote_category":0,"footnotes":""},"categories":[3],"tags":[],"class_list":["post-1397","post","type-post","status-publish","format-standard","has-post-thumbnail","hentry","category-novo"],"_links":{"self":[{"href":"https:\/\/www.crvenikrizbuje.hr\/index.php?rest_route=\/wp\/v2\/posts\/1397","targetHints":{"allow":["GET"]}}],"collection":[{"href":"https:\/\/www.crvenikrizbuje.hr\/index.php?rest_route=\/wp\/v2\/posts"}],"about":[{"href":"https:\/\/www.crvenikrizbuje.hr\/index.php?rest_route=\/wp\/v2\/types\/post"}],"author":[{"embeddable":true,"href":"https:\/\/www.crvenikrizbuje.hr\/index.php?rest_route=\/wp\/v2\/users\/1"}],"replies":[{"embeddable":true,"href":"https:\/\/www.crvenikrizbuje.hr\/index.php?rest_route=%2Fwp%2Fv2%2Fcomments&post=1397"}],"version-history":[{"count":0,"href":"https:\/\/www.crvenikrizbuje.hr\/index.php?rest_route=\/wp\/v2\/posts\/1397\/revisions"}],"wp:featuredmedia":[{"embeddable":true,"href":"https:\/\/www.crvenikrizbuje.hr\/index.php?rest_route=\/wp\/v2\/media\/432"}],"wp:attachment":[{"href":"https:\/\/www.crvenikrizbuje.hr\/index.php?rest_route=%2Fwp%2Fv2%2Fmedia&parent=1397"}],"wp:term":[{"taxonomy":"category","embeddable":true,"href":"https:\/\/www.crvenikrizbuje.hr\/index.php?rest_route=%2Fwp%2Fv2%2Fcategories&post=1397"},{"taxonomy":"post_tag","embeddable":true,"href":"https:\/\/www.crvenikrizbuje.hr\/index.php?rest_route=%2Fwp%2Fv2%2Ftags&post=1397"}],"curies":[{"name":"wp","href":"https:\/\/api.w.org\/{rel}","templated":true}]}}