{"id":1404,"date":"2020-12-11T10:41:00","date_gmt":"2020-12-11T10:41:00","guid":{"rendered":"http:\/\/www.crvenikrizbuje.hr\/?p=1404"},"modified":"2021-02-17T10:43:27","modified_gmt":"2021-02-17T10:43:27","slug":"podjela-paketa-sugradanima","status":"publish","type":"post","link":"https:\/\/www.crvenikrizbuje.hr\/?p=1404","title":{"rendered":"PODJELA PAKETA SUGRA\u0110ANIMA"},"content":{"rendered":"\n<p>Uz izbore Crveni kriz Buj\u0161tine iznimno je aktivan u posljednjih nekoliko dana. Prije nadolaze\u0107ih blagdana u pripremi su brojne aktivnosti za na\u0161e korisnike. u sljede\u0107ih nekoliko dana Crveni kri\u017e Buj\u0161tine pripremiti \u0107e vi\u0161e od 500 paketa hrane i 100 paketa higijene. Vi\u0161e od 140 poklon paketa za na\u0161e sugra\u0111ane \u0161ti\u0107enike svih domova na podru\u010dju Istarske \u017eupanije. Osim paketa hrane i higijene Crveni kri\u017e Buj\u0161tine priprema i podjelu za\u0161titne opreme za vi\u0161e od 250 na\u0161ih umirovljenika!!! Ipak bez na\u0161ih volontera ovoliki broj aktivnosti ne bi bio mogu\u0107 stoga se zahvaljujemo svim na\u0161im aktivima u Umagu, Novigradu i Bujama!! <a href=\"https:\/\/www.facebook.com\/hashtag\/socijlaniprogram?__eep__=6&amp;__cft__[0]=AZWv5g2w7-xNldJHKXhhu8t5UdeJbz7nRhng0fBLsp9h5cOIRyleZWqyBZOABpeigTvmlH0sPKKRpA6XJlK9NzWJfepWFcXVAvn4t0ypVQ3v3gnxDbZaMviiZXr8bLD4qKWPSFvjAPLQgO_Y9JWnoU-FrEStNoR9GJbEbPy94i0S_lZrjfJoHzWyWLj3mOZKIXc&amp;__tn__=*NK-R\">#socijlaniprogram<\/a><a href=\"https:\/\/www.facebook.com\/hashtag\/crvenikrizbujstine?__eep__=6&amp;__cft__[0]=AZWv5g2w7-xNldJHKXhhu8t5UdeJbz7nRhng0fBLsp9h5cOIRyleZWqyBZOABpeigTvmlH0sPKKRpA6XJlK9NzWJfepWFcXVAvn4t0ypVQ3v3gnxDbZaMviiZXr8bLD4qKWPSFvjAPLQgO_Y9JWnoU-FrEStNoR9GJbEbPy94i0S_lZrjfJoHzWyWLj3mOZKIXc&amp;__tn__=*NK-R\">#crvenikrizbujstine<\/a><a href=\"https:\/\/www.facebook.com\/hashtag\/hck?__eep__=6&amp;__cft__[0]=AZWv5g2w7-xNldJHKXhhu8t5UdeJbz7nRhng0fBLsp9h5cOIRyleZWqyBZOABpeigTvmlH0sPKKRpA6XJlK9NzWJfepWFcXVAvn4t0ypVQ3v3gnxDbZaMviiZXr8bLD4qKWPSFvjAPLQgO_Y9JWnoU-FrEStNoR9GJbEbPy94i0S_lZrjfJoHzWyWLj3mOZKIXc&amp;__tn__=*NK-R\">#hck<\/a><a href=\"https:\/\/www.facebook.com\/hashtag\/zajednomozemovise?__eep__=6&amp;__cft__[0]=AZWv5g2w7-xNldJHKXhhu8t5UdeJbz7nRhng0fBLsp9h5cOIRyleZWqyBZOABpeigTvmlH0sPKKRpA6XJlK9NzWJfepWFcXVAvn4t0ypVQ3v3gnxDbZaMviiZXr8bLD4qKWPSFvjAPLQgO_Y9JWnoU-FrEStNoR9GJbEbPy94i0S_lZrjfJoHzWyWLj3mOZKIXc&amp;__tn__=*NK-R\">#zajednomozemovise<\/a><img loading=\"lazy\" decoding=\"async\" height=\"16\" width=\"16\" alt=\"&#x1f44c;\" src=\"https:\/\/static.xx.fbcdn.net\/images\/emoji.php\/v9\/t7b\/1\/16\/1f44c.png\"><img loading=\"lazy\" decoding=\"async\" height=\"16\" width=\"16\" alt=\"&#x1f44d;\" src=\"https:\/\/static.xx.fbcdn.net\/images\/emoji.php\/v9\/tfc\/1\/16\/1f44d.png\"><img loading=\"lazy\" decoding=\"async\" height=\"16\" width=\"16\" alt=\"&#x1f600;\" src=\"https:\/\/static.xx.fbcdn.net\/images\/emoji.php\/v9\/tce\/1\/16\/1f600.png\"><img loading=\"lazy\" decoding=\"async\" height=\"16\" width=\"16\" alt=\"&#x1f600;\" src=\"https:\/\/static.xx.fbcdn.net\/images\/emoji.php\/v9\/tce\/1\/16\/1f600.png\"><img loading=\"lazy\" decoding=\"async\" height=\"16\" width=\"16\" alt=\"&#x1f4aa;\" src=\"https:\/\/static.xx.fbcdn.net\/images\/emoji.php\/v9\/t6c\/1\/16\/1f4aa.png\"><img loading=\"lazy\" decoding=\"async\" height=\"16\" width=\"16\" alt=\"&#x1f4aa;\" src=\"https:\/\/static.xx.fbcdn.net\/images\/emoji.php\/v9\/t6c\/1\/16\/1f4aa.png\"><\/p>\n\n\n\n<p>Oltre alle elezioni di questi giorni, la nostra Croce Rossa e&#8217; attiva anche in altri campi come il sociale con la preparazione dei pacchetti spesa per i nostri utenti quotidiani e dei pachetti per i nostri cari anziani che risiedono nelle case di riposo situate nella Regione Istriana.I nostri volontari scaricheranno, sistemeranno e impacheteranno 500 pachetti di generi alimentari e 100 pachetti contenenti articoli per l&#8217;igiene, mentre per i nostri anziani veranno preparati 140 pacchetti. Oltre a questo, prepariamo anche la distribuzione di mascherine e disinfettante per 250 pensionati.A rendere possibile tutto questo sono i nostri Volontari di Buie, Umago e Cittanova. Grazie <img loading=\"lazy\" decoding=\"async\" height=\"16\" width=\"16\" alt=\"&#x1f970;\" src=\"https:\/\/static.xx.fbcdn.net\/images\/emoji.php\/v9\/tea\/1\/16\/1f970.png\"><\/p>\n\n\n\n<div class=\"wp-block-image\"><figure class=\"aligncenter size-large\"><img loading=\"lazy\" decoding=\"async\" width=\"800\" height=\"600\" src=\"https:\/\/www.crvenikrizbuje.hr\/wp-content\/uploads\/2021\/02\/AKCIJA1.jpg\" alt=\"\" class=\"wp-image-1406\" srcset=\"https:\/\/www.crvenikrizbuje.hr\/wp-content\/uploads\/2021\/02\/AKCIJA1.jpg 800w, https:\/\/www.crvenikrizbuje.hr\/wp-content\/uploads\/2021\/02\/AKCIJA1-300x225.jpg 300w, https:\/\/www.crvenikrizbuje.hr\/wp-content\/uploads\/2021\/02\/AKCIJA1-768x576.jpg 768w\" sizes=\"auto, (max-width: 800px) 100vw, 800px\" \/><\/figure><\/div>\n\n\n\n<p><\/p>\n","protected":false},"excerpt":{"rendered":"<p>Uz izbore Crveni kriz Buj\u0161tine iznimno je aktivan u posljednjih nekoliko dana. Prije nadolaze\u0107ih blagdana u pripremi su brojne aktivnosti za na\u0161e korisnike. u sljede\u0107ih nekoliko dana Crveni kri\u017e Buj\u0161tine<\/p>\n","protected":false},"author":1,"featured_media":1405,"comment_status":"closed","ping_status":"closed","sticky":false,"template":"","format":"standard","meta":{"_monsterinsights_skip_tracking":false,"_monsterinsights_sitenote_active":false,"_monsterinsights_sitenote_note":"","_monsterinsights_sitenote_category":0,"footnotes":""},"categories":[3],"tags":[],"class_list":["post-1404","post","type-post","status-publish","format-standard","has-post-thumbnail","hentry","category-novo"],"_links":{"self":[{"href":"https:\/\/www.crvenikrizbuje.hr\/index.php?rest_route=\/wp\/v2\/posts\/1404","targetHints":{"allow":["GET"]}}],"collection":[{"href":"https:\/\/www.crvenikrizbuje.hr\/index.php?rest_route=\/wp\/v2\/posts"}],"about":[{"href":"https:\/\/www.crvenikrizbuje.hr\/index.php?rest_route=\/wp\/v2\/types\/post"}],"author":[{"embeddable":true,"href":"https:\/\/www.crvenikrizbuje.hr\/index.php?rest_route=\/wp\/v2\/users\/1"}],"replies":[{"embeddable":true,"href":"https:\/\/www.crvenikrizbuje.hr\/index.php?rest_route=%2Fwp%2Fv2%2Fcomments&post=1404"}],"version-history":[{"count":0,"href":"https:\/\/www.crvenikrizbuje.hr\/index.php?rest_route=\/wp\/v2\/posts\/1404\/revisions"}],"wp:featuredmedia":[{"embeddable":true,"href":"https:\/\/www.crvenikrizbuje.hr\/index.php?rest_route=\/wp\/v2\/media\/1405"}],"wp:attachment":[{"href":"https:\/\/www.crvenikrizbuje.hr\/index.php?rest_route=%2Fwp%2Fv2%2Fmedia&parent=1404"}],"wp:term":[{"taxonomy":"category","embeddable":true,"href":"https:\/\/www.crvenikrizbuje.hr\/index.php?rest_route=%2Fwp%2Fv2%2Fcategories&post=1404"},{"taxonomy":"post_tag","embeddable":true,"href":"https:\/\/www.crvenikrizbuje.hr\/index.php?rest_route=%2Fwp%2Fv2%2Ftags&post=1404"}],"curies":[{"name":"wp","href":"https:\/\/api.w.org\/{rel}","templated":true}]}}