{"id":1420,"date":"2020-12-04T10:57:00","date_gmt":"2020-12-04T10:57:00","guid":{"rendered":"http:\/\/www.crvenikrizbuje.hr\/?p=1420"},"modified":"2021-02-17T11:01:32","modified_gmt":"2021-02-17T11:01:32","slug":"aleja-dobrovoljnih-darivatelja-krvi","status":"publish","type":"post","link":"https:\/\/www.crvenikrizbuje.hr\/?p=1420","title":{"rendered":"ALEJA DOBROVOLJNIH DARIVATELJA KRVI"},"content":{"rendered":"\n<p>Sve\u010dano predstavljena Uma\u0161ka aleja dobrovoljnih darivatelja krvi!!!! <img loading=\"lazy\" decoding=\"async\" height=\"16\" width=\"16\" alt=\"&#x1f44f;\" src=\"https:\/\/static.xx.fbcdn.net\/images\/emoji.php\/v9\/tfe\/1\/16\/1f44f.png\"><img loading=\"lazy\" decoding=\"async\" height=\"16\" width=\"16\" alt=\"&#x1f44f;\" src=\"https:\/\/static.xx.fbcdn.net\/images\/emoji.php\/v9\/tfe\/1\/16\/1f44f.png\"><img loading=\"lazy\" decoding=\"async\" height=\"16\" width=\"16\" alt=\"&#x1f44f;\" src=\"https:\/\/static.xx.fbcdn.net\/images\/emoji.php\/v9\/tfe\/1\/16\/1f44f.png\"><img loading=\"lazy\" decoding=\"async\" height=\"16\" width=\"16\" alt=\"&#x2764;&#xfe0f;\" src=\"https:\/\/static.xx.fbcdn.net\/images\/emoji.php\/v9\/t6c\/1\/16\/2764.png\"><img loading=\"lazy\" decoding=\"async\" height=\"16\" width=\"16\" alt=\"&#x2764;&#xfe0f;\" src=\"https:\/\/static.xx.fbcdn.net\/images\/emoji.php\/v9\/t6c\/1\/16\/2764.png\"> Crveni kri\u017e Buj\u0161tine kao promotor i organizator davala\u0161tva krvi na podru\u010dju Grada Umaga na inicijativu Grada prihvatio je sudjelovati u pripremi i realizaciji ove iznimno va\u017ene inicijative.Tom prigodom posa\u0111eno je 40 stabala lipa uz potok koji se prote\u017ee od Novigradske ulice prema sjevero-istoku Umaga, a koji \u0107e u skoroj budu\u0107nosti biti pretvoren u \u0161etali\u0161te za sve na\u0161e sugra\u0111anke i sugra\u0111ane, kao i brojne posjetitelje. Tako je na sve\u010danom prijemu dobrovoljnih darivatelja krvi po jedno stablo posve\u0107eno Giulianu Melonu (108 puta), Dragutinu Kralji\u0107u (112 puta), Borisu Matkovi\u0107u (114 puta), Branku Zlati\u0107u (143 puta), te Nadiji Zakinja (53 puta), Nerini Mlinari\u0107 (55 puta), Ani Grando (66 puta), Ziti Kodilja (55 puta), Venis Vo\u0161ten Zulfikarpa\u0161i\u0107 (61 put), Tini Montak (50 puta), Mariji Ferlin (53 puta), Nadi Ton\u010di\u0107 (68 puta) i Evi Vrtovec (55 puta). Neki od darivatelja krvi na \u017ealost vi\u0161e nisu s nama, stoga su u njihovo ime na prijemu bili prisutni \u010dlanovi njihove obitelji.Dobrovoljni darivatelji krvi imaju jako izra\u017eenu osobinu empatije, \u017eelju da pomognu zajednici, da spase tu\u0111e \u017eivote. Stoga je stvaranje aleje posve\u0107ene upravo njima znak duboke zahvalnosti \u0161to \u010dine ovaj grad boljim mjestom za sve nas. A, imena koja \u0107e biti navedena ispod svakog stabla pomo\u0107i \u0107e nam da iskrena zahvala bude vje\u010dna te da njihova imena budu motivacija ostalim sugra\u0111ankama i sugra\u0111anima odlu\u010diti se postati dobrovoljni darivatelji krvi, a time produ\u017eiti ili spasiti nekome \u017eivot. Grad Umag \u0107e jednom godi\u0161nje dodijeliti po jednu lipu svakoj novoj darivateljici krvi koja je krv darivala 50 puta i vi\u0161e, te svakom novom darivatelju krvi koji je krv darovao 100 puta i vi\u0161e, \u010dime je \u017eelja kontinuirano podizati svijest o dobrovoljnom darivanju krvi u na\u0161oj zajednici. <img loading=\"lazy\" decoding=\"async\" height=\"16\" width=\"16\" alt=\"&#x1f603;\" src=\"https:\/\/static.xx.fbcdn.net\/images\/emoji.php\/v9\/t51\/1\/16\/1f603.png\"><a href=\"https:\/\/www.facebook.com\/hashtag\/crvenikrizbujstine?__eep__=6&amp;__cft__[0]=AZXu4QOF8w1UOzs84RFRJQKbyaCfbOAhfCedkDdGz1u-hxamB8lCm5A6SxVcoxCT5emn-RLe4JXlgvSjaLL-hsxkL5XoO9zXnjuf1wPVz31yIowvLTf4ivx5RwAKEPifQXYZHmIIRRqBP7oyHkFrLEugZwqwTBtn1u82BhJ1Xs_uIxRz8WTKcWvR1I6auvXGSgc&amp;__tn__=*NK-R\">#crvenikrizbujstine<\/a><a href=\"https:\/\/www.facebook.com\/hashtag\/hck?__eep__=6&amp;__cft__[0]=AZXu4QOF8w1UOzs84RFRJQKbyaCfbOAhfCedkDdGz1u-hxamB8lCm5A6SxVcoxCT5emn-RLe4JXlgvSjaLL-hsxkL5XoO9zXnjuf1wPVz31yIowvLTf4ivx5RwAKEPifQXYZHmIIRRqBP7oyHkFrLEugZwqwTBtn1u82BhJ1Xs_uIxRz8WTKcWvR1I6auvXGSgc&amp;__tn__=*NK-R\">#HCK<\/a><a href=\"https:\/\/www.facebook.com\/hashtag\/darujkrvspasizivot?__eep__=6&amp;__cft__[0]=AZXu4QOF8w1UOzs84RFRJQKbyaCfbOAhfCedkDdGz1u-hxamB8lCm5A6SxVcoxCT5emn-RLe4JXlgvSjaLL-hsxkL5XoO9zXnjuf1wPVz31yIowvLTf4ivx5RwAKEPifQXYZHmIIRRqBP7oyHkFrLEugZwqwTBtn1u82BhJ1Xs_uIxRz8WTKcWvR1I6auvXGSgc&amp;__tn__=*NK-R\">#darujkrvspasizivot<\/a><a href=\"https:\/\/www.facebook.com\/hashtag\/dobrovoljnidavateljikrvi?__eep__=6&amp;__cft__[0]=AZXu4QOF8w1UOzs84RFRJQKbyaCfbOAhfCedkDdGz1u-hxamB8lCm5A6SxVcoxCT5emn-RLe4JXlgvSjaLL-hsxkL5XoO9zXnjuf1wPVz31yIowvLTf4ivx5RwAKEPifQXYZHmIIRRqBP7oyHkFrLEugZwqwTBtn1u82BhJ1Xs_uIxRz8WTKcWvR1I6auvXGSgc&amp;__tn__=*NK-R\">#dobrovoljnidavateljikrvi<\/a><\/p>\n\n\n\n<p>-Quest&#8217;oggi ad Umago e&#8217; stato inaugurato il viale dedicato ai donatori del sangue!La Croce Rossa del Buiese come organizzatore e promotore della raccolta del sangue sul territorio della citta&#8217; di Umago, ha collaborato a questa iniziativa.Sono stati piantati 40 alberi. Ogni albero piantato e&#8217; dedicato ai donatori e donatrici che hanno donato 50 e 100 volte il sangue!Questi uomini e donne, hanno salvato decine di vite e molti di loro continuano a farlo con un piccolo gesto che per molti significa la vita.Ogni anno, verra&#8217; piantato un albero in piu&#8217; per ogni donatrice che donera&#8217; il sangue 50 volte, e per ogni donatore che donera&#8217; il sangue 100 volte, un piccolo segno di ringraziamento per la loro azione.Ogni albero&#8217; ha il nome del donatore\/donatrice, in modo che il loro gesto sia d&#8217;esempio per i nuovi futuri donatori.Grazie di cuore, a Voi che nonostante tutto, vi presentate alle raccolte di sangue <img loading=\"lazy\" decoding=\"async\" height=\"16\" width=\"16\" alt=\"&#x2764;\" src=\"https:\/\/static.xx.fbcdn.net\/images\/emoji.php\/v9\/t6c\/1\/16\/2764.png\"><br><a href=\"https:\/\/www.facebook.com\/hashtag\/crvenikrizbujstine?source=feed_text&amp;epa=HASHTAG&amp;__xts__%5B0%5D=68.ARDFAKjd5ry3ygZCYzx18UbyMMvZCnUJohiyDsdGtpbpWuVZJT7kbOaYYpz1j5BHCF77eO4bHi03HwLiuKiSiQYj4_U8j2VL4-Nhxdpu6BLZjADdAbLLoTLncDRB_5MP3-4ygbgeZ7dxQfIqxGOkrHSpsMtj4WUd7SqO0VtNR4jezNB-HyqqkIuMXLPhFFM6FA3hWmsgXAtK_Qos7cw4PMEYJdNgfrynRUGSGbSY16kVsC0F5JH2otc6ar16wP-Jdmsuzps0CUtlbEl8Y1XlLgPko5qzBae2iz-P8hmKCoC7GXF0bWoE8sHxt9Q7xNJ8PIYkg1OzJi1QrerxyKQ8vpkqVg&amp;__tn__=%2ANK-R\">#crvenikrizbujstine<\/a><a href=\"https:\/\/www.facebook.com\/hashtag\/redcross?source=feed_text&amp;epa=HASHTAG&amp;__xts__%5B0%5D=68.ARDFAKjd5ry3ygZCYzx18UbyMMvZCnUJohiyDsdGtpbpWuVZJT7kbOaYYpz1j5BHCF77eO4bHi03HwLiuKiSiQYj4_U8j2VL4-Nhxdpu6BLZjADdAbLLoTLncDRB_5MP3-4ygbgeZ7dxQfIqxGOkrHSpsMtj4WUd7SqO0VtNR4jezNB-HyqqkIuMXLPhFFM6FA3hWmsgXAtK_Qos7cw4PMEYJdNgfrynRUGSGbSY16kVsC0F5JH2otc6ar16wP-Jdmsuzps0CUtlbEl8Y1XlLgPko5qzBae2iz-P8hmKCoC7GXF0bWoE8sHxt9Q7xNJ8PIYkg1OzJi1QrerxyKQ8vpkqVg&amp;__tn__=%2ANK-R\">#redcross<\/a><a href=\"https:\/\/www.facebook.com\/hashtag\/hck?source=feed_text&amp;epa=HASHTAG&amp;__xts__%5B0%5D=68.ARDFAKjd5ry3ygZCYzx18UbyMMvZCnUJohiyDsdGtpbpWuVZJT7kbOaYYpz1j5BHCF77eO4bHi03HwLiuKiSiQYj4_U8j2VL4-Nhxdpu6BLZjADdAbLLoTLncDRB_5MP3-4ygbgeZ7dxQfIqxGOkrHSpsMtj4WUd7SqO0VtNR4jezNB-HyqqkIuMXLPhFFM6FA3hWmsgXAtK_Qos7cw4PMEYJdNgfrynRUGSGbSY16kVsC0F5JH2otc6ar16wP-Jdmsuzps0CUtlbEl8Y1XlLgPko5qzBae2iz-P8hmKCoC7GXF0bWoE8sHxt9Q7xNJ8PIYkg1OzJi1QrerxyKQ8vpkqVg&amp;__tn__=%2ANK-R\">#hck<\/a><\/p>\n\n\n\n<div class=\"wp-block-image\"><figure class=\"aligncenter size-large\"><img loading=\"lazy\" decoding=\"async\" width=\"768\" height=\"1024\" src=\"https:\/\/www.crvenikrizbuje.hr\/wp-content\/uploads\/2021\/02\/ALEJA1-768x1024.jpg\" alt=\"\" class=\"wp-image-1422\" srcset=\"https:\/\/www.crvenikrizbuje.hr\/wp-content\/uploads\/2021\/02\/ALEJA1-768x1024.jpg 768w, https:\/\/www.crvenikrizbuje.hr\/wp-content\/uploads\/2021\/02\/ALEJA1-225x300.jpg 225w, https:\/\/www.crvenikrizbuje.hr\/wp-content\/uploads\/2021\/02\/ALEJA1-1152x1536.jpg 1152w, https:\/\/www.crvenikrizbuje.hr\/wp-content\/uploads\/2021\/02\/ALEJA1.jpg 1440w\" sizes=\"auto, (max-width: 768px) 100vw, 768px\" \/><\/figure><\/div>\n\n\n\n<p><\/p>\n\n\n\n<p><\/p>\n","protected":false},"excerpt":{"rendered":"<p>Sve\u010dano predstavljena Uma\u0161ka aleja dobrovoljnih darivatelja krvi!!!! Crveni kri\u017e Buj\u0161tine kao promotor i organizator davala\u0161tva krvi na podru\u010dju Grada Umaga na inicijativu Grada prihvatio je sudjelovati u pripremi i realizaciji<\/p>\n","protected":false},"author":1,"featured_media":1421,"comment_status":"closed","ping_status":"closed","sticky":false,"template":"","format":"standard","meta":{"_monsterinsights_skip_tracking":false,"_monsterinsights_sitenote_active":false,"_monsterinsights_sitenote_note":"","_monsterinsights_sitenote_category":0,"footnotes":""},"categories":[3],"tags":[],"class_list":["post-1420","post","type-post","status-publish","format-standard","has-post-thumbnail","hentry","category-novo"],"_links":{"self":[{"href":"https:\/\/www.crvenikrizbuje.hr\/index.php?rest_route=\/wp\/v2\/posts\/1420","targetHints":{"allow":["GET"]}}],"collection":[{"href":"https:\/\/www.crvenikrizbuje.hr\/index.php?rest_route=\/wp\/v2\/posts"}],"about":[{"href":"https:\/\/www.crvenikrizbuje.hr\/index.php?rest_route=\/wp\/v2\/types\/post"}],"author":[{"embeddable":true,"href":"https:\/\/www.crvenikrizbuje.hr\/index.php?rest_route=\/wp\/v2\/users\/1"}],"replies":[{"embeddable":true,"href":"https:\/\/www.crvenikrizbuje.hr\/index.php?rest_route=%2Fwp%2Fv2%2Fcomments&post=1420"}],"version-history":[{"count":0,"href":"https:\/\/www.crvenikrizbuje.hr\/index.php?rest_route=\/wp\/v2\/posts\/1420\/revisions"}],"wp:featuredmedia":[{"embeddable":true,"href":"https:\/\/www.crvenikrizbuje.hr\/index.php?rest_route=\/wp\/v2\/media\/1421"}],"wp:attachment":[{"href":"https:\/\/www.crvenikrizbuje.hr\/index.php?rest_route=%2Fwp%2Fv2%2Fmedia&parent=1420"}],"wp:term":[{"taxonomy":"category","embeddable":true,"href":"https:\/\/www.crvenikrizbuje.hr\/index.php?rest_route=%2Fwp%2Fv2%2Fcategories&post=1420"},{"taxonomy":"post_tag","embeddable":true,"href":"https:\/\/www.crvenikrizbuje.hr\/index.php?rest_route=%2Fwp%2Fv2%2Ftags&post=1420"}],"curies":[{"name":"wp","href":"https:\/\/api.w.org\/{rel}","templated":true}]}}