{"id":1457,"date":"2021-02-10T08:42:00","date_gmt":"2021-02-10T08:42:00","guid":{"rendered":"http:\/\/www.crvenikrizbuje.hr\/?p=1457"},"modified":"2021-02-19T08:46:58","modified_gmt":"2021-02-19T08:46:58","slug":"vec-treci-interventni-tim-otisao-u-potresom-pogodeno-podrucje","status":"publish","type":"post","link":"https:\/\/www.crvenikrizbuje.hr\/?p=1457","title":{"rendered":"ve\u0107 tre\u0107i interventni tim  oti\u0161ao u potresom pogo\u0111eno podru\u010dje"},"content":{"rendered":"\n<p><\/p>\n\n\n\n<p>III. Tim Interventnog tima Crvenog kri\u017ea Buj\u0161tine 18.02 je u 8:30h krenuo na put u Sisak kako bi pomogli u radu na terenu. Osposobljeni su to \u010dlanovi koji su pro\u0161li sve edukacije za djelovanje u kriznim situacijama.<\/p>\n\n\n\n<p>Sretno de\u010dki i cure \u010duvajte se i samo jedno veliko bravo!!!<\/p>\n\n\n\n<p>Gradska dru\u0161tva Crvenog kri\u017ea na podru\u010dju Istarske \u017eupanije u koordinaciji sa Dru\u0161tvom Crvenog kri\u017ea Istarske \u017eupanije aktivna su od prvog dana potresa!<\/p>\n\n\n\n<p><br><a href=\"https:\/\/www.facebook.com\/hashtag\/crvenikrizbujstine?source=feed_text&amp;epa=HASHTAG&amp;__xts__%5B0%5D=68.ARDFAKjd5ry3ygZCYzx18UbyMMvZCnUJohiyDsdGtpbpWuVZJT7kbOaYYpz1j5BHCF77eO4bHi03HwLiuKiSiQYj4_U8j2VL4-Nhxdpu6BLZjADdAbLLoTLncDRB_5MP3-4ygbgeZ7dxQfIqxGOkrHSpsMtj4WUd7SqO0VtNR4jezNB-HyqqkIuMXLPhFFM6FA3hWmsgXAtK_Qos7cw4PMEYJdNgfrynRUGSGbSY16kVsC0F5JH2otc6ar16wP-Jdmsuzps0CUtlbEl8Y1XlLgPko5qzBae2iz-P8hmKCoC7GXF0bWoE8sHxt9Q7xNJ8PIYkg1OzJi1QrerxyKQ8vpkqVg&amp;__tn__=%2ANK-R\">#crvenikrizbujstine<\/a><a href=\"https:\/\/www.facebook.com\/hashtag\/redcross?source=feed_text&amp;epa=HASHTAG&amp;__xts__%5B0%5D=68.ARDFAKjd5ry3ygZCYzx18UbyMMvZCnUJohiyDsdGtpbpWuVZJT7kbOaYYpz1j5BHCF77eO4bHi03HwLiuKiSiQYj4_U8j2VL4-Nhxdpu6BLZjADdAbLLoTLncDRB_5MP3-4ygbgeZ7dxQfIqxGOkrHSpsMtj4WUd7SqO0VtNR4jezNB-HyqqkIuMXLPhFFM6FA3hWmsgXAtK_Qos7cw4PMEYJdNgfrynRUGSGbSY16kVsC0F5JH2otc6ar16wP-Jdmsuzps0CUtlbEl8Y1XlLgPko5qzBae2iz-P8hmKCoC7GXF0bWoE8sHxt9Q7xNJ8PIYkg1OzJi1QrerxyKQ8vpkqVg&amp;__tn__=%2ANK-R\">#redcross<\/a><a href=\"https:\/\/www.facebook.com\/hashtag\/hck?source=feed_text&amp;epa=HASHTAG&amp;__xts__%5B0%5D=68.ARDFAKjd5ry3ygZCYzx18UbyMMvZCnUJohiyDsdGtpbpWuVZJT7kbOaYYpz1j5BHCF77eO4bHi03HwLiuKiSiQYj4_U8j2VL4-Nhxdpu6BLZjADdAbLLoTLncDRB_5MP3-4ygbgeZ7dxQfIqxGOkrHSpsMtj4WUd7SqO0VtNR4jezNB-HyqqkIuMXLPhFFM6FA3hWmsgXAtK_Qos7cw4PMEYJdNgfrynRUGSGbSY16kVsC0F5JH2otc6ar16wP-Jdmsuzps0CUtlbEl8Y1XlLgPko5qzBae2iz-P8hmKCoC7GXF0bWoE8sHxt9Q7xNJ8PIYkg1OzJi1QrerxyKQ8vpkqVg&amp;__tn__=%2ANK-R\">#hck<\/a><\/p>\n\n\n\n<p><\/p>\n\n\n\n<p><\/p>\n","protected":false},"excerpt":{"rendered":"<p>III. Tim Interventnog tima Crvenog kri\u017ea Buj\u0161tine 18.02 je u 8:30h krenuo na put u Sisak kako bi pomogli u radu na terenu. Osposobljeni su to \u010dlanovi koji su pro\u0161li<\/p>\n","protected":false},"author":1,"featured_media":1458,"comment_status":"closed","ping_status":"closed","sticky":false,"template":"","format":"standard","meta":{"_monsterinsights_skip_tracking":false,"_monsterinsights_sitenote_active":false,"_monsterinsights_sitenote_note":"","_monsterinsights_sitenote_category":0,"footnotes":""},"categories":[3],"tags":[],"class_list":["post-1457","post","type-post","status-publish","format-standard","has-post-thumbnail","hentry","category-novo"],"_links":{"self":[{"href":"https:\/\/www.crvenikrizbuje.hr\/index.php?rest_route=\/wp\/v2\/posts\/1457","targetHints":{"allow":["GET"]}}],"collection":[{"href":"https:\/\/www.crvenikrizbuje.hr\/index.php?rest_route=\/wp\/v2\/posts"}],"about":[{"href":"https:\/\/www.crvenikrizbuje.hr\/index.php?rest_route=\/wp\/v2\/types\/post"}],"author":[{"embeddable":true,"href":"https:\/\/www.crvenikrizbuje.hr\/index.php?rest_route=\/wp\/v2\/users\/1"}],"replies":[{"embeddable":true,"href":"https:\/\/www.crvenikrizbuje.hr\/index.php?rest_route=%2Fwp%2Fv2%2Fcomments&post=1457"}],"version-history":[{"count":0,"href":"https:\/\/www.crvenikrizbuje.hr\/index.php?rest_route=\/wp\/v2\/posts\/1457\/revisions"}],"wp:featuredmedia":[{"embeddable":true,"href":"https:\/\/www.crvenikrizbuje.hr\/index.php?rest_route=\/wp\/v2\/media\/1458"}],"wp:attachment":[{"href":"https:\/\/www.crvenikrizbuje.hr\/index.php?rest_route=%2Fwp%2Fv2%2Fmedia&parent=1457"}],"wp:term":[{"taxonomy":"category","embeddable":true,"href":"https:\/\/www.crvenikrizbuje.hr\/index.php?rest_route=%2Fwp%2Fv2%2Fcategories&post=1457"},{"taxonomy":"post_tag","embeddable":true,"href":"https:\/\/www.crvenikrizbuje.hr\/index.php?rest_route=%2Fwp%2Fv2%2Ftags&post=1457"}],"curies":[{"name":"wp","href":"https:\/\/api.w.org\/{rel}","templated":true}]}}