{"id":1483,"date":"2021-03-12T09:36:04","date_gmt":"2021-03-12T09:36:04","guid":{"rendered":"http:\/\/www.crvenikrizbuje.hr\/?p=1483"},"modified":"2021-03-12T09:36:07","modified_gmt":"2021-03-12T09:36:07","slug":"italija-za-petrinju","status":"publish","type":"post","link":"https:\/\/www.crvenikrizbuje.hr\/?p=1483","title":{"rendered":"italija za petrinju"},"content":{"rendered":"\n<p>  <\/p>\n\n\n\n<p><\/p>\n\n\n\n<p>Ju\u010der su na\u0161i volonteri u pratnji s kolegama iz Crvenog kri\u017ea Trst dopremili humanitarnu pomo\u0107 za podru\u010dje pogo\u0111eno podru\u010dje. Na inicijativu na\u0161eg dru\u0161tva Crvenog kri\u017ea na\u0161i su se kolege odmah u prvim danima uklju\u010dili u prikupljanje pomo\u0107i!! Apelom gra\u0111ani su prikupili vi\u0161e od 12 tona hrane i higijenskih potrep\u0161tina u vrijednosti ve\u0107oj od 40,000eura!!<br>Zahvaljujemo se na\u0161im prijateljima iz\u00a0<a href=\"https:\/\/www.facebook.com\/crocerossatrieste\/?fref=mentions&amp;__xts__%5B0%5D=68.ARDVjK2MUCsnWWCaQ5_QfJiEi8lVonphV-jiOymD3w52GgrQskmL0Bb5El5hHCiUR2Ybg2yhBKPtG8l371mLwAbeaYrz7eFKRnJ7DbTlfd-zOAOMFngyb6XJ4MClHISUc1gEbb74KiBKvWkDpKCwc4ptX4I42E3hVRZkOarVdi3cFNFl31Hk5fi_6nbQO6kP85uUH2VTaKpGoq93TWAd0KNqjZIZtnMJyc8HJ2OAbz4LqLF7rD9f8En0FWT7R37vUVK_rkaTSkjGdUdOh6so3ydh6zG_YHaJyHp8OWoJJDggN0ck_aMckg&amp;__tn__=K-R\">Croce Rossa Italiana &#8211; Comitato di Trieste<\/a>\u00a0<br>_______________________________________________________________<br>Ieri i nostri volontari hanno accompagnato i colleghi della Croce Rossa Italiana &#8211; Comitato di Trieste a Petrinja, citta&#8217; colpita dal terremoto. I colleghi italiani hanno trasportato gli aiuti umanitari raccolti sul suolo Triestino donati dai cittadini. I dipendenti e volontari di Trieste fin dai primi giorni ci hanno contattato per vedere se possono essere d&#8217;aiuto e subito hanno organizzato la raccolta beni.<br>Al loro appello i cittadini hanno risposto donando 12 tonnellate di generi alimentari e materiali per l&#8217;igiene per un valore di 40.000 euro.<br>Ringraziamo gli amici di trieste per il loro contributo\u00a0&#x2764;<br>L&#8217;umanita&#8217; e l&#8217;amicizia non ha confini<\/p>\n\n\n\n<figure class=\"wp-block-image size-large\"><img loading=\"lazy\" decoding=\"async\" width=\"960\" height=\"467\" src=\"https:\/\/www.crvenikrizbuje.hr\/wp-content\/uploads\/2021\/03\/ITA2.jpg\" alt=\"\" class=\"wp-image-1486\" srcset=\"https:\/\/www.crvenikrizbuje.hr\/wp-content\/uploads\/2021\/03\/ITA2.jpg 960w, https:\/\/www.crvenikrizbuje.hr\/wp-content\/uploads\/2021\/03\/ITA2-300x146.jpg 300w, https:\/\/www.crvenikrizbuje.hr\/wp-content\/uploads\/2021\/03\/ITA2-768x374.jpg 768w\" sizes=\"auto, (max-width: 960px) 100vw, 960px\" \/><\/figure>\n\n\n\n<figure class=\"wp-block-image size-large\"><img loading=\"lazy\" decoding=\"async\" width=\"960\" height=\"467\" src=\"https:\/\/www.crvenikrizbuje.hr\/wp-content\/uploads\/2021\/03\/ITA3.jpg\" alt=\"\" class=\"wp-image-1487\" srcset=\"https:\/\/www.crvenikrizbuje.hr\/wp-content\/uploads\/2021\/03\/ITA3.jpg 960w, https:\/\/www.crvenikrizbuje.hr\/wp-content\/uploads\/2021\/03\/ITA3-300x146.jpg 300w, https:\/\/www.crvenikrizbuje.hr\/wp-content\/uploads\/2021\/03\/ITA3-768x374.jpg 768w\" sizes=\"auto, (max-width: 960px) 100vw, 960px\" \/><\/figure>\n\n\n\n<figure class=\"wp-block-image size-large\"><img loading=\"lazy\" decoding=\"async\" width=\"960\" height=\"467\" src=\"https:\/\/www.crvenikrizbuje.hr\/wp-content\/uploads\/2021\/03\/ITA4.jpg\" alt=\"\" class=\"wp-image-1488\" srcset=\"https:\/\/www.crvenikrizbuje.hr\/wp-content\/uploads\/2021\/03\/ITA4.jpg 960w, https:\/\/www.crvenikrizbuje.hr\/wp-content\/uploads\/2021\/03\/ITA4-300x146.jpg 300w, https:\/\/www.crvenikrizbuje.hr\/wp-content\/uploads\/2021\/03\/ITA4-768x374.jpg 768w\" sizes=\"auto, (max-width: 960px) 100vw, 960px\" \/><\/figure>\n","protected":false},"excerpt":{"rendered":"<p>Ju\u010der su na\u0161i volonteri u pratnji s kolegama iz Crvenog kri\u017ea Trst dopremili humanitarnu pomo\u0107 za podru\u010dje pogo\u0111eno podru\u010dje. Na inicijativu na\u0161eg dru\u0161tva Crvenog kri\u017ea na\u0161i su se kolege odmah<\/p>\n","protected":false},"author":1,"featured_media":1485,"comment_status":"closed","ping_status":"closed","sticky":false,"template":"","format":"standard","meta":{"_monsterinsights_skip_tracking":false,"_monsterinsights_sitenote_active":false,"_monsterinsights_sitenote_note":"","_monsterinsights_sitenote_category":0,"footnotes":""},"categories":[3],"tags":[],"class_list":["post-1483","post","type-post","status-publish","format-standard","has-post-thumbnail","hentry","category-novo"],"_links":{"self":[{"href":"https:\/\/www.crvenikrizbuje.hr\/index.php?rest_route=\/wp\/v2\/posts\/1483","targetHints":{"allow":["GET"]}}],"collection":[{"href":"https:\/\/www.crvenikrizbuje.hr\/index.php?rest_route=\/wp\/v2\/posts"}],"about":[{"href":"https:\/\/www.crvenikrizbuje.hr\/index.php?rest_route=\/wp\/v2\/types\/post"}],"author":[{"embeddable":true,"href":"https:\/\/www.crvenikrizbuje.hr\/index.php?rest_route=\/wp\/v2\/users\/1"}],"replies":[{"embeddable":true,"href":"https:\/\/www.crvenikrizbuje.hr\/index.php?rest_route=%2Fwp%2Fv2%2Fcomments&post=1483"}],"version-history":[{"count":0,"href":"https:\/\/www.crvenikrizbuje.hr\/index.php?rest_route=\/wp\/v2\/posts\/1483\/revisions"}],"wp:featuredmedia":[{"embeddable":true,"href":"https:\/\/www.crvenikrizbuje.hr\/index.php?rest_route=\/wp\/v2\/media\/1485"}],"wp:attachment":[{"href":"https:\/\/www.crvenikrizbuje.hr\/index.php?rest_route=%2Fwp%2Fv2%2Fmedia&parent=1483"}],"wp:term":[{"taxonomy":"category","embeddable":true,"href":"https:\/\/www.crvenikrizbuje.hr\/index.php?rest_route=%2Fwp%2Fv2%2Fcategories&post=1483"},{"taxonomy":"post_tag","embeddable":true,"href":"https:\/\/www.crvenikrizbuje.hr\/index.php?rest_route=%2Fwp%2Fv2%2Ftags&post=1483"}],"curies":[{"name":"wp","href":"https:\/\/api.w.org\/{rel}","templated":true}]}}