{"id":1661,"date":"2021-07-20T11:51:31","date_gmt":"2021-07-20T11:51:31","guid":{"rendered":"http:\/\/www.crvenikrizbuje.hr\/?p=1661"},"modified":"2021-07-29T10:15:04","modified_gmt":"2021-07-29T10:15:04","slug":"s-nami-niste-sami","status":"publish","type":"post","link":"https:\/\/www.crvenikrizbuje.hr\/?p=1661","title":{"rendered":"ZAPO\u010cELA PROVEDBA PROJEKTA &#8221;S NAMI NISTE SAMI&#8221;"},"content":{"rendered":"\n<p><strong>Zapo\u010dela provedba projekta \u201eS&nbsp;nami&nbsp;niste sami\u201c<\/strong><strong>\u202f \u202f \u202f \u202f \u202f&nbsp;<\/strong>\u202f \u202f \u202f \u202f \u202f \u202f \u202f \u202f \u202f \u202f \u202f&nbsp;<\/p>\n\n\n\n<p>&nbsp;&nbsp;&nbsp;&nbsp;&nbsp;&nbsp;16.&nbsp;lipnja&nbsp;2021. godine potpisan&nbsp;je&nbsp;Ugovor o dodjeli bespovratnih sredstava za projekte koji se financiraju iz Fonda europske pomo\u0107i za najpotrebitije (FEAD) 2014. \u2013 2020.&nbsp;<\/p>\n\n\n\n<p>&nbsp;&nbsp;&nbsp;&nbsp;&nbsp;Priprema projekta realizirana je u suradnji s&nbsp;ustanovom&nbsp; \u201eRegionalni&nbsp;koordinator Istarske \u017eupanije za europske programe i fondove \u2013&nbsp;Coordinatore&nbsp;regionale&nbsp;della&nbsp;Regione&nbsp;Istriana&nbsp;per&nbsp;i&nbsp;programmi&nbsp;e fondi&nbsp;europei\u201c\u201c.&nbsp;Nakon uspje\u0161ne prijave, Gradsko dru\u0161tvo Crvenog kri\u017ea Buje&nbsp;&nbsp;i Ministarstvo rada, mirovinskoga sustava, obitelji i socijalne politike (u daljnjem tekstu: Ministarstvo), sklopili su dana 16. lipnja&nbsp;2021. godine Ugovor za projekt \u201eS&nbsp;nami&nbsp;niste sami\u201c (u daljnjem tekstu: Ugovor) i to u&nbsp;okviru Operativnog programa za hranu i\/ili osnovnu materijalnu pomo\u0107 za razdoblje 2014. &#8211; 2020., a koji se financira iz Fonda europske pomo\u0107i za najpotrebitije (FEAD).&nbsp;<\/p>\n\n\n\n<p>&nbsp;&nbsp;&nbsp;&nbsp;&nbsp;&nbsp;Ukupna vrijednost projekta iznosi 3.527.368,50&nbsp;kn, a razdoblje provedbe projekta je godina dana od dana sklapanja Ugovora.\u202f&nbsp;<\/p>\n\n\n\n<p>&nbsp;&nbsp;&nbsp;&nbsp;Projekt \u0107e se provoditi na podru\u010dju Istarske&nbsp;\u017eupanije&nbsp;iz kojih dolazi \u0161est (6) partnerskih organizacija: Gradsko dru\u0161tvo Crvenog kri\u017ea Pore\u010d, Gradsko dru\u0161tvo Crvenog kri\u017ea Pazin, Gradsko dru\u0161tvo Crvenog kri\u017ea Rovinj, Gradsko dru\u0161tvo Crvenog kri\u017ea Pula, Gradsko dru\u0161tvo Crvenog kri\u017ea&nbsp;Labin te&nbsp;Gradsko dru\u0161tvo Crvenog kri\u017ea&nbsp;Buzet.&nbsp;<\/p>\n\n\n\n<p>&nbsp;&nbsp;&nbsp;\u202fAktivnosti na projektu zapo\u010dele su potpisivanjem Ugovora o radu sa djelatnicima na projektu i slanjem obavijesti&nbsp;partnerskim organizacijama o sklapanju Ugovora sa Ministarstvom.&nbsp;<\/p>\n\n\n\n<p>&nbsp;&nbsp;&nbsp;&nbsp;Projektne aktivnosti usmjerene su na ubla\u017eavanje najgorih oblika siroma\u0161tva, pru\u017eanjem nefinancijske pomo\u0107i najpotrebitijim osoba i to hrane i\/ili osnovne materijalne pomo\u0107i.&nbsp;<\/p>\n\n\n\n<p><strong>Ciljne skupine projekta su:<\/strong>&nbsp;<\/p>\n\n\n\n<ol class=\"wp-block-list\"><li>Nositelji prava na Zajam\u010dene minimalne naknade (ZMN)&nbsp; u Istarskoj \u017eupaniji&nbsp;&nbsp;\u202f&nbsp;<\/li><\/ol>\n\n\n\n<ol class=\"wp-block-list\" start=\"2\"><li>Osobe starije od 60 godina u sama\u010dkom ili vi\u0161e\u010dlanom ku\u0107anstvu s\u202f prosje\u010dnim mjese\u010dnim primanjima do 1.700,00kn ili mjese\u010dnim primanjem do 1.200,00kn po \u010dlanu\u202f&nbsp;<\/li><\/ol>\n\n\n\n<ol class=\"wp-block-list\" start=\"3\"><li>nositelji prava isplate jednokratne financijske pomo\u0107i temeljem va\u017ee\u0107ih kriterija nadle\u017enih gradskih uprava u Istarskoj \u017eupaniji&nbsp;&nbsp;<\/li><\/ol>\n\n\n\n<ol class=\"wp-block-list\" start=\"4\"><li>Samci ili vi\u0161e\u010dlane obitelji koji nemaju prihoda ili im prihod u ku\u0107anstvu ne iznosi vi\u0161e od 1.200,00kn u posljednja dva mjeseca\u202f&nbsp;<\/li><\/ol>\n\n\n\n<p>&nbsp;&nbsp;&nbsp;&nbsp;&nbsp;&nbsp;<strong>Broj korisnika paketa pomo\u0107i u hrani procijenjen je na 3100&nbsp;&nbsp;osoba.&nbsp;<\/strong>&nbsp;<\/p>\n\n\n\n<p>&nbsp;&nbsp;&nbsp;&nbsp;&nbsp;&nbsp;Distribucija paketa hrane vr\u0161it \u0107e se putem vlastitih distribucijskih kanala partnera \u2013 u prostorijama partnera&nbsp;dok \u0107e&nbsp;za&nbsp;odre\u0111eni&nbsp;broj korisnika koji \u017eive u&nbsp;nedostupnijim&nbsp;naseljima&nbsp;paketi pomo\u0107i biti distribuirani na ku\u0107ne adrese. Distribucija paketa vr\u0161it \u0107e se uz najstro\u017ee po\u0161tivanje propisanih epidemiolo\u0161kih mjera i preporuka za spre\u010davanje \u0161irenja zaraze&nbsp;koronavirusom&nbsp;(COVID-19).&nbsp;<\/p>\n\n\n\n<p><strong>Kroz provedbu projekta predvi\u0111en je \u010ditav niz&nbsp;popratnih mjera:<\/strong>&nbsp;<\/p>\n\n\n\n<ol class=\"wp-block-list\"><li>Odr\u017eavanje predavanja \u201eJedi dobro, jedi zdravo, jedi jeftino\u201c&nbsp;&nbsp;&nbsp;<\/li><\/ol>\n\n\n\n<ol class=\"wp-block-list\" start=\"2\"><li>Izrada bro\u0161ure \u201eZdravi recepti za svih!\u201c&nbsp;&nbsp;<\/li><\/ol>\n\n\n\n<ol class=\"wp-block-list\" start=\"3\"><li>Odr\u017eavanje predavanja \u201eHigijena prostora, osobna higijena i va\u017enost pranja ruku\u201c&nbsp;&nbsp;<\/li><\/ol>\n\n\n\n<ol class=\"wp-block-list\" start=\"4\"><li>Izrada i podjela letaka s informacijama o nadle\u017enim socijalnim, zdravstvenim, administrativnim i obrazovnim slu\u017ebama&nbsp;<\/li><\/ol>\n\n\n\n<p>&nbsp;&nbsp;&nbsp;&nbsp;&nbsp;&nbsp;Provedbom ovog projekta, ostvaruju se slijede\u0107i specifi\u010dni ciljevi: ubla\u017eava se nedostatak hrane kod socijalno najpotrebitijih samaca i obitelji i pobolj\u0161ava kvaliteta \u017eivota, smanjuje se njihova socijalna isklju\u010denost zbog slabijeg materijalnog stanja, te se unaprje\u0111uje sustav prikupljanja donacija hrane. Dugoro\u010dni rezultat projekta je oja\u010dan i koordinirani sustav podr\u0161ke skupinama u riziku od siroma\u0161tva i socijalne isklju\u010denosti, \u0161to je izme\u0111u ostalog i jedan od ciljeva Strategije borbe protiv siroma\u0161tva.&nbsp;<\/p>\n\n\n\n<figure class=\"wp-block-image size-large\"><img loading=\"lazy\" decoding=\"async\" width=\"1024\" height=\"140\" src=\"https:\/\/www.crvenikrizbuje.hr\/wp-content\/uploads\/2021\/07\/svezajedno-2-1024x140.jpg\" alt=\"\" class=\"wp-image-1752\" srcset=\"https:\/\/www.crvenikrizbuje.hr\/wp-content\/uploads\/2021\/07\/svezajedno-2-1024x140.jpg 1024w, https:\/\/www.crvenikrizbuje.hr\/wp-content\/uploads\/2021\/07\/svezajedno-2-300x41.jpg 300w, https:\/\/www.crvenikrizbuje.hr\/wp-content\/uploads\/2021\/07\/svezajedno-2-768x105.jpg 768w, https:\/\/www.crvenikrizbuje.hr\/wp-content\/uploads\/2021\/07\/svezajedno-2-1536x210.jpg 1536w, https:\/\/www.crvenikrizbuje.hr\/wp-content\/uploads\/2021\/07\/svezajedno-2-2048x280.jpg 2048w\" sizes=\"auto, (max-width: 1024px) 100vw, 1024px\" \/><\/figure>\n","protected":false},"excerpt":{"rendered":"<p>Zapo\u010dela provedba projekta \u201eS&nbsp;nami&nbsp;niste sami\u201c\u202f \u202f \u202f \u202f \u202f&nbsp;\u202f \u202f \u202f \u202f \u202f \u202f \u202f \u202f \u202f \u202f \u202f&nbsp; &nbsp;&nbsp;&nbsp;&nbsp;&nbsp;&nbsp;16.&nbsp;lipnja&nbsp;2021. godine potpisan&nbsp;je&nbsp;Ugovor o dodjeli bespovratnih sredstava za projekte koji se<\/p>\n","protected":false},"author":1,"featured_media":1746,"comment_status":"closed","ping_status":"closed","sticky":false,"template":"","format":"standard","meta":{"_monsterinsights_skip_tracking":false,"_monsterinsights_sitenote_active":false,"_monsterinsights_sitenote_note":"","_monsterinsights_sitenote_category":0,"footnotes":""},"categories":[3],"tags":[],"class_list":["post-1661","post","type-post","status-publish","format-standard","has-post-thumbnail","hentry","category-novo"],"_links":{"self":[{"href":"https:\/\/www.crvenikrizbuje.hr\/index.php?rest_route=\/wp\/v2\/posts\/1661","targetHints":{"allow":["GET"]}}],"collection":[{"href":"https:\/\/www.crvenikrizbuje.hr\/index.php?rest_route=\/wp\/v2\/posts"}],"about":[{"href":"https:\/\/www.crvenikrizbuje.hr\/index.php?rest_route=\/wp\/v2\/types\/post"}],"author":[{"embeddable":true,"href":"https:\/\/www.crvenikrizbuje.hr\/index.php?rest_route=\/wp\/v2\/users\/1"}],"replies":[{"embeddable":true,"href":"https:\/\/www.crvenikrizbuje.hr\/index.php?rest_route=%2Fwp%2Fv2%2Fcomments&post=1661"}],"version-history":[{"count":0,"href":"https:\/\/www.crvenikrizbuje.hr\/index.php?rest_route=\/wp\/v2\/posts\/1661\/revisions"}],"wp:featuredmedia":[{"embeddable":true,"href":"https:\/\/www.crvenikrizbuje.hr\/index.php?rest_route=\/wp\/v2\/media\/1746"}],"wp:attachment":[{"href":"https:\/\/www.crvenikrizbuje.hr\/index.php?rest_route=%2Fwp%2Fv2%2Fmedia&parent=1661"}],"wp:term":[{"taxonomy":"category","embeddable":true,"href":"https:\/\/www.crvenikrizbuje.hr\/index.php?rest_route=%2Fwp%2Fv2%2Fcategories&post=1661"},{"taxonomy":"post_tag","embeddable":true,"href":"https:\/\/www.crvenikrizbuje.hr\/index.php?rest_route=%2Fwp%2Fv2%2Ftags&post=1661"}],"curies":[{"name":"wp","href":"https:\/\/api.w.org\/{rel}","templated":true}]}}