{"id":1811,"date":"2021-09-02T10:36:45","date_gmt":"2021-09-02T10:36:45","guid":{"rendered":"http:\/\/www.crvenikrizbuje.hr\/?p=1811"},"modified":"2021-09-02T10:37:50","modified_gmt":"2021-09-02T10:37:50","slug":"medunarodni-dan-nestalih-osoba","status":"publish","type":"post","link":"https:\/\/www.crvenikrizbuje.hr\/?p=1811","title":{"rendered":"me\u0111unarodni dan nestalih osoba"},"content":{"rendered":"\n<p>Danas se obilje\u017eava Me\u0111unarodni dan nestalih osoba i Dan sje\u0107anja na nestale u Domovinskom ratu. U ovom trenutku Hrvatski Crveni kri\u017e ima otvoreno vi\u0161e od 2900 zahtjeva za tra\u017eenjem nestalih osoba.\u00a0<a rel=\"noreferrer noopener\" href=\"https:\/\/l.facebook.com\/l.php?u=https%3A%2F%2Fbit.ly%2F2UWHNd9&amp;h=AT0flaWpuCupyxZZ9w9UakIkIrHT-z0lyNZebgmP0LgI0WJu4caRyQbTRZ0S_4PlW5_CxUaFcWYsDpjMmb5oeLci32YEfG7weoHlONo9dVeQBfSQvhp1PIOCceF3x1bldwd0lBdKdHLHdH0OLe_XQtA3T5sR1lt3AvPBKlWJ8eA0jz9sCpvA7nn8ZueNOe_CbVdwynkYV3ZmTMiB2QhYbcZ-LFguT4-NYnF1e7ZjKasFy6ZyF_3u7LH0yLvpy6nJMxf0yMWUMRSzm_-lQiEG9Zq7lS3wVkgveR0PlM8sMkgkljOyJI4rziey9F-i1Zb1T9bTfzqI_awo0lYO0cT_jur08ri9Wgm5GcdxUgRZfAeHyvj2Xhjblzz8rNKd2qZtM_MRGYIC6EauuqE8OM3y9M_BhwSxS5gxQBkpwVw5GQdzzKRWRPwpZw3DmldgjIoFkgVo5ZDpu-nraXq8QJNQC2VTXQJ6MmfJqyY-Nu7dWAJWitS8YReLyV1isKgwALru-PbJtMRgIoM5lbFz7Rd5J-kIRhO94BFS_p2tiGDAguaXfHCcaObIInWChPmpwml9gro8hF0-acI548CNqYospySttgZBQtQ3slBvz-COgjf-RqnkfoVkbMb340npRmgtQOGbg3QBX4Yn7gSL4Jdm2K00Hz3Zmb-tTW0lSnsiADXrwvtEpFV71JlzMF2SBKv0XBXRAr4QnT2XG-AZB6IqMyHVLrkliU8rMZObKXXkNDLj\" target=\"_blank\">https:\/\/bit.ly\/2UWHNd9<\/a><br><a href=\"https:\/\/www.facebook.com\/hashtag\/hck?__eep__=6&amp;source=feed_text&amp;epa=HASHTAG&amp;__xts__%5B0%5D=68.ARAX0aqITgrHBXC-l6-txY2nmF6TOuZsi1Si2x3bqZUBMJHtEu7W2eBFIkfjJAJ2kFpRQoohLPBG53uA4KRfvoyGfeODgFwqEbIxgFLMcvekXjlRyYicQD__7ZTC0_OfZR_zDiuhrWdtOybwXkvFSkWA3KBzU9k8hNbKadyCrLQRA53jHDQlgCsNCwMgaL92iOqG7IEOTXiuTehl6FEhy-NFPYicD8DLiRE3JpQBHI4Vj9mTkqXwkryHm1S04xcZjSFpysE-MacKHi8FNr6mmeT-kyKXvSueCfBVC6gRLQL1FO77rL4LPxr0sSo4vRsW501xWrGqlJOESflAZq5MBPXLy7p5pANa6zqYXK3FGJ1nx1FnZljp-EsOdjPYvkYdU_NLPlYYWcXuKjcENYYhJE-3F21F&amp;__tn__=%2ANK-R\">#hck<\/a>\u00a0<a href=\"https:\/\/www.facebook.com\/hashtag\/redcross?__eep__=6&amp;source=feed_text&amp;epa=HASHTAG&amp;__xts__%5B0%5D=68.ARAX0aqITgrHBXC-l6-txY2nmF6TOuZsi1Si2x3bqZUBMJHtEu7W2eBFIkfjJAJ2kFpRQoohLPBG53uA4KRfvoyGfeODgFwqEbIxgFLMcvekXjlRyYicQD__7ZTC0_OfZR_zDiuhrWdtOybwXkvFSkWA3KBzU9k8hNbKadyCrLQRA53jHDQlgCsNCwMgaL92iOqG7IEOTXiuTehl6FEhy-NFPYicD8DLiRE3JpQBHI4Vj9mTkqXwkryHm1S04xcZjSFpysE-MacKHi8FNr6mmeT-kyKXvSueCfBVC6gRLQL1FO77rL4LPxr0sSo4vRsW501xWrGqlJOESflAZq5MBPXLy7p5pANa6zqYXK3FGJ1nx1FnZljp-EsOdjPYvkYdU_NLPlYYWcXuKjcENYYhJE-3F21F&amp;__tn__=%2ANK-R\">#redcross<\/a>\u00a0<a href=\"https:\/\/www.facebook.com\/hashtag\/mividimoljude?__eep__=6&amp;source=feed_text&amp;epa=HASHTAG&amp;__xts__%5B0%5D=68.ARAX0aqITgrHBXC-l6-txY2nmF6TOuZsi1Si2x3bqZUBMJHtEu7W2eBFIkfjJAJ2kFpRQoohLPBG53uA4KRfvoyGfeODgFwqEbIxgFLMcvekXjlRyYicQD__7ZTC0_OfZR_zDiuhrWdtOybwXkvFSkWA3KBzU9k8hNbKadyCrLQRA53jHDQlgCsNCwMgaL92iOqG7IEOTXiuTehl6FEhy-NFPYicD8DLiRE3JpQBHI4Vj9mTkqXwkryHm1S04xcZjSFpysE-MacKHi8FNr6mmeT-kyKXvSueCfBVC6gRLQL1FO77rL4LPxr0sSo4vRsW501xWrGqlJOESflAZq5MBPXLy7p5pANa6zqYXK3FGJ1nx1FnZljp-EsOdjPYvkYdU_NLPlYYWcXuKjcENYYhJE-3F21F&amp;__tn__=%2ANK-R\">#mividimoljude<\/a><\/p>\n","protected":false},"excerpt":{"rendered":"<p>Danas se obilje\u017eava Me\u0111unarodni dan nestalih osoba i Dan sje\u0107anja na nestale u Domovinskom ratu. U ovom trenutku Hrvatski Crveni kri\u017e ima otvoreno vi\u0161e od 2900 zahtjeva za tra\u017eenjem nestalih<\/p>\n","protected":false},"author":1,"featured_media":1812,"comment_status":"closed","ping_status":"closed","sticky":false,"template":"","format":"standard","meta":{"_monsterinsights_skip_tracking":false,"_monsterinsights_sitenote_active":false,"_monsterinsights_sitenote_note":"","_monsterinsights_sitenote_category":0,"footnotes":""},"categories":[3],"tags":[],"class_list":["post-1811","post","type-post","status-publish","format-standard","has-post-thumbnail","hentry","category-novo"],"_links":{"self":[{"href":"https:\/\/www.crvenikrizbuje.hr\/index.php?rest_route=\/wp\/v2\/posts\/1811","targetHints":{"allow":["GET"]}}],"collection":[{"href":"https:\/\/www.crvenikrizbuje.hr\/index.php?rest_route=\/wp\/v2\/posts"}],"about":[{"href":"https:\/\/www.crvenikrizbuje.hr\/index.php?rest_route=\/wp\/v2\/types\/post"}],"author":[{"embeddable":true,"href":"https:\/\/www.crvenikrizbuje.hr\/index.php?rest_route=\/wp\/v2\/users\/1"}],"replies":[{"embeddable":true,"href":"https:\/\/www.crvenikrizbuje.hr\/index.php?rest_route=%2Fwp%2Fv2%2Fcomments&post=1811"}],"version-history":[{"count":0,"href":"https:\/\/www.crvenikrizbuje.hr\/index.php?rest_route=\/wp\/v2\/posts\/1811\/revisions"}],"wp:featuredmedia":[{"embeddable":true,"href":"https:\/\/www.crvenikrizbuje.hr\/index.php?rest_route=\/wp\/v2\/media\/1812"}],"wp:attachment":[{"href":"https:\/\/www.crvenikrizbuje.hr\/index.php?rest_route=%2Fwp%2Fv2%2Fmedia&parent=1811"}],"wp:term":[{"taxonomy":"category","embeddable":true,"href":"https:\/\/www.crvenikrizbuje.hr\/index.php?rest_route=%2Fwp%2Fv2%2Fcategories&post=1811"},{"taxonomy":"post_tag","embeddable":true,"href":"https:\/\/www.crvenikrizbuje.hr\/index.php?rest_route=%2Fwp%2Fv2%2Ftags&post=1811"}],"curies":[{"name":"wp","href":"https:\/\/api.w.org\/{rel}","templated":true}]}}