{"id":1814,"date":"2021-08-28T10:39:00","date_gmt":"2021-08-28T10:39:00","guid":{"rendered":"http:\/\/www.crvenikrizbuje.hr\/?p=1814"},"modified":"2021-09-02T10:43:51","modified_gmt":"2021-09-02T10:43:51","slug":"gdck-buje-primilo-priznanje","status":"publish","type":"post","link":"https:\/\/www.crvenikrizbuje.hr\/?p=1814","title":{"rendered":"GDCK BUJE PRIMILO PRIZNANJE"},"content":{"rendered":"\n<p class=\"has-text-align-center\">Crvenom kri\u017eu Buj\u0161tine Plaketu Grada Novigrad-Cittanova &#8220;Za dugogodi\u0161nji humanitarni i dru\u0161tveno koristan rad u zajednici&#8221; koju je u ime svih volontera Crvenog kri\u017ea Buj\u0161tine preuzela Predsjednica Crvenog kri\u017ea g\u0111a. \u0110ur\u0111a Rado\u0161evi\u0107 i Ravnatelj dru\u0161tva Hrvoje Kova\u010devi\u0107.<\/p>\n\n\n\n<p class=\"has-text-align-center\">Ovim putem Crveni kri\u017e Buj\u0161tine upu\u0107uje jo\u0161 jednom zahvalu svim volonterima koji su uklju\u010deni u aktivnosti koje je Crveni kri\u017e provodi na dobrobit na\u0161e male zajednice!! Ovim putem uop\u0107ujemo Gradu Novigrad-Cittanova veliko hvala \u0161to prepoznaje vrijednosti humanog rada. Isto tako \u010destitke svim ovogodi\u0161njim laureatima&nbsp;&#x1f642;&nbsp;&#x1f642;<br>_____________________________________________________________________________________________________________________<br>Alla seduta solenne in occasione della Giornata della Citta di Cittanova, il Sindaco ed il presidente del Consiglio cittadino, hanno conferito alla Croce Rossa del Buiese la targa per i molto anni di lavoro umanitario e socialmente utile nella comunita&#8217;. A ritirarlo a nome di tutti i volontari della Croce Rossa del Buiese e&#8217; stata la Presidente della Croce Rossa \u0110ur\u0111a Rado\u0161evi\u0107 e il direttore Hrvoje Kova\u010devi\u0107.<\/p>\n\n\n\n<p class=\"has-text-align-center\">Ringraziamo tutti i volontari che constantemente si rendono disponibili nelle varie attivita&#8217; per aiutare i concittadini.Ringraziamo anche la Citta&#8217; di Cittanova per riconoscere i valori del lavoro umanitario.<\/p>\n\n\n\n<div class=\"wp-block-image\"><figure class=\"aligncenter size-large\"><img loading=\"lazy\" decoding=\"async\" width=\"720\" height=\"960\" src=\"http:\/\/www.crvenikrizbuje.hr\/wp-content\/uploads\/2021\/09\/ng.jpg\" alt=\"\" class=\"wp-image-1815\" srcset=\"https:\/\/www.crvenikrizbuje.hr\/wp-content\/uploads\/2021\/09\/ng.jpg 720w, https:\/\/www.crvenikrizbuje.hr\/wp-content\/uploads\/2021\/09\/ng-225x300.jpg 225w\" sizes=\"auto, (max-width: 720px) 100vw, 720px\" \/><\/figure><\/div>\n","protected":false},"excerpt":{"rendered":"<p>Crvenom kri\u017eu Buj\u0161tine Plaketu Grada Novigrad-Cittanova &#8220;Za dugogodi\u0161nji humanitarni i dru\u0161tveno koristan rad u zajednici&#8221; koju je u ime svih volontera Crvenog kri\u017ea Buj\u0161tine preuzela Predsjednica Crvenog kri\u017ea g\u0111a. \u0110ur\u0111a<\/p>\n","protected":false},"author":1,"featured_media":1816,"comment_status":"closed","ping_status":"closed","sticky":false,"template":"","format":"standard","meta":{"_monsterinsights_skip_tracking":false,"_monsterinsights_sitenote_active":false,"_monsterinsights_sitenote_note":"","_monsterinsights_sitenote_category":0,"footnotes":""},"categories":[3],"tags":[],"class_list":["post-1814","post","type-post","status-publish","format-standard","has-post-thumbnail","hentry","category-novo"],"_links":{"self":[{"href":"https:\/\/www.crvenikrizbuje.hr\/index.php?rest_route=\/wp\/v2\/posts\/1814","targetHints":{"allow":["GET"]}}],"collection":[{"href":"https:\/\/www.crvenikrizbuje.hr\/index.php?rest_route=\/wp\/v2\/posts"}],"about":[{"href":"https:\/\/www.crvenikrizbuje.hr\/index.php?rest_route=\/wp\/v2\/types\/post"}],"author":[{"embeddable":true,"href":"https:\/\/www.crvenikrizbuje.hr\/index.php?rest_route=\/wp\/v2\/users\/1"}],"replies":[{"embeddable":true,"href":"https:\/\/www.crvenikrizbuje.hr\/index.php?rest_route=%2Fwp%2Fv2%2Fcomments&post=1814"}],"version-history":[{"count":0,"href":"https:\/\/www.crvenikrizbuje.hr\/index.php?rest_route=\/wp\/v2\/posts\/1814\/revisions"}],"wp:featuredmedia":[{"embeddable":true,"href":"https:\/\/www.crvenikrizbuje.hr\/index.php?rest_route=\/wp\/v2\/media\/1816"}],"wp:attachment":[{"href":"https:\/\/www.crvenikrizbuje.hr\/index.php?rest_route=%2Fwp%2Fv2%2Fmedia&parent=1814"}],"wp:term":[{"taxonomy":"category","embeddable":true,"href":"https:\/\/www.crvenikrizbuje.hr\/index.php?rest_route=%2Fwp%2Fv2%2Fcategories&post=1814"},{"taxonomy":"post_tag","embeddable":true,"href":"https:\/\/www.crvenikrizbuje.hr\/index.php?rest_route=%2Fwp%2Fv2%2Ftags&post=1814"}],"curies":[{"name":"wp","href":"https:\/\/api.w.org\/{rel}","templated":true}]}}