{"id":1955,"date":"2021-10-29T09:20:32","date_gmt":"2021-10-29T09:20:32","guid":{"rendered":"https:\/\/www.crvenikrizbuje.hr\/?p=1955"},"modified":"2021-10-29T09:20:35","modified_gmt":"2021-10-29T09:20:35","slug":"gdck-buje-u-plavo-zelenom-okviru","status":"publish","type":"post","link":"https:\/\/www.crvenikrizbuje.hr\/?p=1955","title":{"rendered":"gdck buje u plavo-zelenom okviru"},"content":{"rendered":"\n<p>Prva u nizu eko-akcija; \u010di\u0161\u0107enje \u0161pilje Cuculucu kao suradnja speleologa i Crvenog kri\u017ea!!!<\/p>\n\n\n\n<p>Speleolo\u0161ko dru\u0161tvo Buje i Crveni kri\u017e Buj\u0161tine pokrenuli su inicijativu \u010di\u0161\u0107enja jama i spilja na Buj\u0161tini. Namjera je kroz naredni period obuhvatiti \u0161to ve\u0107i broj one\u010di\u0161\u0107enih lokacija na na\u0161em podru\u010dju , no i kroz razli\u010dite edukacije osvijestiti stanovni\u0161tvo na potrebu \u010duvanja takvih lokaliteta. Dio je to aktivnosti koje Crveni kri\u017e Buj\u0161tine provodi u okviru djelatnosti Spa\u0161avanja \u017eivota na vodi i ekolo\u0161ke za\u0161tite priobalja s naglaskom na ekolo\u0161ku za\u0161titu koja ima za cilj pove\u0107anja ekolo\u0161ke svijesti gra\u0111ana. Uz Speleolo\u0161ko dru\u0161tvo Buje i Crveni kri\u017e Buj\u0161tine inicijativu \u010di\u0161\u0107enja spilja i jama podr\u017eala je i Op\u0107ina Gro\u017enjan-Grisignana. U budu\u0107nosti \u017eelja je organizatora dodatno senzibilizirati lokalnu zajednicu u va\u017enost uklju\u010divanja u takve aktivnosti koje imaju za cilj \u010di\u0161\u0107enja okoli\u0161a u kojem \u017eive.<\/p>\n\n\n\n<p>Podru\u010dje biv\u0161e Buj\u0161tine (koje trenutno prostorno obuhva\u0107a gradove Buje, Umag i Novigrad te op\u0107ine Brtoniglu, Gro\u017enjan i Oprtalj, a dio je ve\u0107e cjeline koja je 2005. definirana kao cjelina podzemne vode Sjeverna Istra) je podru\u010dje koje je zbog svoje geomorfolo\u0161ke strukture (takozvane Bujske antiklinale) bogato speleolo\u0161kim objektima. Tako\u0111er, za kr\u0161ki je reljef karakteristi\u010dna dinami\u010dna i izravna veza povr\u0161inske i podzemne vode, a dio na\u0161ih vodonosnika u aktivnom je kontaktu s morem u koje se neposredno drenira putem priobalnih kr\u0161kih izvora i vrulja ili putem \u0161irokih zona difuznog istjecanja. Konkretno, cjelina na\u0161eg podru\u010dja drenira prema moru s rijekom Dragonjom koja utje\u010de u Savudrijski zaljev i rijekom Mirnom koja utje\u010de u more kod Novigrada, a dio podzemne vode otje\u010de tako\u0111er na obale od Savudrije do Novigrada i difuzno se mije\u0161a s morem u lokalitetima koji su ekolo\u0161ki i gospodarstveno vezani s turizmom.<\/p>\n\n\n\n<figure class=\"wp-block-gallery columns-1 is-cropped wp-block-gallery-1 is-layout-flex wp-block-gallery-is-layout-flex\"><ul class=\"blocks-gallery-grid\"><li class=\"blocks-gallery-item\"><figure><img loading=\"lazy\" decoding=\"async\" width=\"822\" height=\"1024\" src=\"https:\/\/www.crvenikrizbuje.hr\/wp-content\/uploads\/2021\/10\/grota-822x1024.jpg\" alt=\"\" data-id=\"1956\" data-full-url=\"https:\/\/www.crvenikrizbuje.hr\/wp-content\/uploads\/2021\/10\/grota.jpg\" data-link=\"https:\/\/www.crvenikrizbuje.hr\/?attachment_id=1956\" class=\"wp-image-1956\" srcset=\"https:\/\/www.crvenikrizbuje.hr\/wp-content\/uploads\/2021\/10\/grota-822x1024.jpg 822w, https:\/\/www.crvenikrizbuje.hr\/wp-content\/uploads\/2021\/10\/grota-241x300.jpg 241w, https:\/\/www.crvenikrizbuje.hr\/wp-content\/uploads\/2021\/10\/grota-768x957.jpg 768w, https:\/\/www.crvenikrizbuje.hr\/wp-content\/uploads\/2021\/10\/grota-1232x1536.jpg 1232w, https:\/\/www.crvenikrizbuje.hr\/wp-content\/uploads\/2021\/10\/grota-240x300.jpg 240w, https:\/\/www.crvenikrizbuje.hr\/wp-content\/uploads\/2021\/10\/grota.jpg 1643w\" sizes=\"auto, (max-width: 822px) 100vw, 822px\" \/><\/figure><\/li><\/ul><\/figure>\n","protected":false},"excerpt":{"rendered":"<p>Prva u nizu eko-akcija; \u010di\u0161\u0107enje \u0161pilje Cuculucu kao suradnja speleologa i Crvenog kri\u017ea!!! Speleolo\u0161ko dru\u0161tvo Buje i Crveni kri\u017e Buj\u0161tine pokrenuli su inicijativu \u010di\u0161\u0107enja jama i spilja na Buj\u0161tini. Namjera<\/p>\n","protected":false},"author":1,"featured_media":1956,"comment_status":"closed","ping_status":"closed","sticky":false,"template":"","format":"standard","meta":{"_monsterinsights_skip_tracking":false,"_monsterinsights_sitenote_active":false,"_monsterinsights_sitenote_note":"","_monsterinsights_sitenote_category":0,"footnotes":""},"categories":[3],"tags":[],"class_list":["post-1955","post","type-post","status-publish","format-standard","has-post-thumbnail","hentry","category-novo"],"_links":{"self":[{"href":"https:\/\/www.crvenikrizbuje.hr\/index.php?rest_route=\/wp\/v2\/posts\/1955","targetHints":{"allow":["GET"]}}],"collection":[{"href":"https:\/\/www.crvenikrizbuje.hr\/index.php?rest_route=\/wp\/v2\/posts"}],"about":[{"href":"https:\/\/www.crvenikrizbuje.hr\/index.php?rest_route=\/wp\/v2\/types\/post"}],"author":[{"embeddable":true,"href":"https:\/\/www.crvenikrizbuje.hr\/index.php?rest_route=\/wp\/v2\/users\/1"}],"replies":[{"embeddable":true,"href":"https:\/\/www.crvenikrizbuje.hr\/index.php?rest_route=%2Fwp%2Fv2%2Fcomments&post=1955"}],"version-history":[{"count":0,"href":"https:\/\/www.crvenikrizbuje.hr\/index.php?rest_route=\/wp\/v2\/posts\/1955\/revisions"}],"wp:featuredmedia":[{"embeddable":true,"href":"https:\/\/www.crvenikrizbuje.hr\/index.php?rest_route=\/wp\/v2\/media\/1956"}],"wp:attachment":[{"href":"https:\/\/www.crvenikrizbuje.hr\/index.php?rest_route=%2Fwp%2Fv2%2Fmedia&parent=1955"}],"wp:term":[{"taxonomy":"category","embeddable":true,"href":"https:\/\/www.crvenikrizbuje.hr\/index.php?rest_route=%2Fwp%2Fv2%2Fcategories&post=1955"},{"taxonomy":"post_tag","embeddable":true,"href":"https:\/\/www.crvenikrizbuje.hr\/index.php?rest_route=%2Fwp%2Fv2%2Ftags&post=1955"}],"curies":[{"name":"wp","href":"https:\/\/api.w.org\/{rel}","templated":true}]}}