{"id":2005,"date":"2021-12-10T10:10:00","date_gmt":"2021-12-10T10:10:00","guid":{"rendered":"https:\/\/www.crvenikrizbuje.hr\/?p=2005"},"modified":"2021-12-17T10:13:40","modified_gmt":"2021-12-17T10:13:40","slug":"volonter-godine","status":"publish","type":"post","link":"https:\/\/www.crvenikrizbuje.hr\/?p=2005","title":{"rendered":"volonter godine"},"content":{"rendered":"\n<div class=\"wp-block-columns is-layout-flex wp-container-core-columns-is-layout-1 wp-block-columns-is-layout-flex\">\n<div class=\"wp-block-column is-layout-flow wp-block-column-is-layout-flow\" style=\"flex-basis:100%\">\n<p class=\"has-text-align-center\"><strong>DAMJAN JAGUNEC SEME\u0160I, VOLONTER GODINE GRADA UMAGA 2021.<\/strong><\/p>\n<\/div>\n<\/div>\n\n\n\n<p>Zbog obveza na fakultetu u ime na\u0161eg dragog Damjana nagradu je preuzela njegova majka Evelin koja nam je isto puno pomogla posebno u vrijeme lockdowna kada je na\u0161im volonterima pripremala lijekove za dostavu na\u0161im starijim sugra\u0111anima!!&nbsp;&#x1f642;&#x1f642;&#x1f642;&#x1f4aa;&#x1f44f;&#x1f44f;&#x2764;&#xfe0f;&#x2764;&#xfe0f;<\/p>\n\n\n\n<p>Sve\u010danim prijemom kod Gradona\u010delnika obilje\u017een je i ove godine Me\u0111unarodni dan volontera. S ciljem podizanja svijesti i \u0161irenju volonterstva, Grad Umag ve\u0107 desetu godinu za redom bira volontere godine koji svojim plemenitim aktivnostima predstavljaju ideal i uzor te \u010dine na\u0161u zajednicu boljom i slo\u017enijom. Tako je danas 06. prosinca 2021.godine gradona\u010delnik Vili Bassanese i njegovi zamjenici primili nagra\u0111ene volontere.<\/p>\n\n\n\n<p>Me\u0111u nagra\u0111enim volonterima, odnosno volonterkama , na podru\u010dju Grada Umaga u 2021. izabran je na\u0161 mladi volonter Damjan Jagunec Seme\u0161i koji je u protekloj godini za zajednicu volontirao ukupno vise od 300 sati.<\/p>\n\n\n\n<p>Ovim putem \u017eelimo \u010destitati i na\u0161em darivatelju krvi <strong>Ivanu Severu<\/strong> sa podru\u010dja Grada Umag-Umago koji je ju\u010der posebno nagra\u0111en od strane Gradona\u010delnika Grada Umag-Umago g. Vilia Bassanesea za jubilarnu 50 puta darovanu krv!!<\/p>\n\n\n\n<p>U ime volontera i djelatnika Crvenog kri\u017ea Buj\u0161tine \u010destitamo i svim ostalim dobitnicima priznanja&#x1f600;&#x1f600;&#x1f600;<a href=\"https:\/\/www.facebook.com\/hashtag\/volonteri2021?__eep__=6&amp;source=feed_text&amp;epa=HASHTAG&amp;__xts__%5B0%5D=68.ARBY_uM8brsxZzPlUIoHwd7EGe8nvadPENeJBC_N6vKTJ0hj-p7CZz2Ko7gibIZ_9bafemUI1RQ2ibx_BH1YZdUVUOJ_889-N0GBnwxg3VlRrfooxVDtgITtcBS3tgNH20klPiNH_MNwHalgIXpWcCnXhCKQGzvAEJVyWimSpCSFTxF5aOtktUNfp4NKXEv_5whWlaSqy9orCp7SASZAzWr9zraWqsF-1f8_-ZuAcTQg3orZp4YBLkKeSEfQ4nizjWFukgVNwS6OczUCLgDiXGSI2CQSWZ5TKGdmBP_kppwVYgvW6t6e9g&amp;__tn__=%2ANK-R\">#volonteri2021<\/a>&nbsp;<a href=\"https:\/\/www.facebook.com\/hashtag\/crvenikrizbujstine?__eep__=6&amp;source=feed_text&amp;epa=HASHTAG&amp;__xts__%5B0%5D=68.ARBY_uM8brsxZzPlUIoHwd7EGe8nvadPENeJBC_N6vKTJ0hj-p7CZz2Ko7gibIZ_9bafemUI1RQ2ibx_BH1YZdUVUOJ_889-N0GBnwxg3VlRrfooxVDtgITtcBS3tgNH20klPiNH_MNwHalgIXpWcCnXhCKQGzvAEJVyWimSpCSFTxF5aOtktUNfp4NKXEv_5whWlaSqy9orCp7SASZAzWr9zraWqsF-1f8_-ZuAcTQg3orZp4YBLkKeSEfQ4nizjWFukgVNwS6OczUCLgDiXGSI2CQSWZ5TKGdmBP_kppwVYgvW6t6e9g&amp;__tn__=%2ANK-R\">#crvenikrizbujstine<\/a>&nbsp;<a href=\"https:\/\/www.facebook.com\/hashtag\/hck?__eep__=6&amp;source=feed_text&amp;epa=HASHTAG&amp;__xts__%5B0%5D=68.ARBY_uM8brsxZzPlUIoHwd7EGe8nvadPENeJBC_N6vKTJ0hj-p7CZz2Ko7gibIZ_9bafemUI1RQ2ibx_BH1YZdUVUOJ_889-N0GBnwxg3VlRrfooxVDtgITtcBS3tgNH20klPiNH_MNwHalgIXpWcCnXhCKQGzvAEJVyWimSpCSFTxF5aOtktUNfp4NKXEv_5whWlaSqy9orCp7SASZAzWr9zraWqsF-1f8_-ZuAcTQg3orZp4YBLkKeSEfQ4nizjWFukgVNwS6OczUCLgDiXGSI2CQSWZ5TKGdmBP_kppwVYgvW6t6e9g&amp;__tn__=%2ANK-R\">#hck<\/a>&nbsp;<a href=\"https:\/\/www.facebook.com\/hashtag\/danvolontera?__eep__=6&amp;source=feed_text&amp;epa=HASHTAG&amp;__xts__%5B0%5D=68.ARBY_uM8brsxZzPlUIoHwd7EGe8nvadPENeJBC_N6vKTJ0hj-p7CZz2Ko7gibIZ_9bafemUI1RQ2ibx_BH1YZdUVUOJ_889-N0GBnwxg3VlRrfooxVDtgITtcBS3tgNH20klPiNH_MNwHalgIXpWcCnXhCKQGzvAEJVyWimSpCSFTxF5aOtktUNfp4NKXEv_5whWlaSqy9orCp7SASZAzWr9zraWqsF-1f8_-ZuAcTQg3orZp4YBLkKeSEfQ4nizjWFukgVNwS6OczUCLgDiXGSI2CQSWZ5TKGdmBP_kppwVYgvW6t6e9g&amp;__tn__=%2ANK-R\">#danvolontera<\/a><\/p>\n\n\n\n<figure class=\"wp-block-gallery columns-3 is-cropped wp-block-gallery-1 is-layout-flex wp-block-gallery-is-layout-flex\"><ul class=\"blocks-gallery-grid\"><li class=\"blocks-gallery-item\"><figure><img loading=\"lazy\" decoding=\"async\" width=\"1000\" height=\"804\" src=\"https:\/\/www.crvenikrizbuje.hr\/wp-content\/uploads\/2021\/12\/dan.jpg\" alt=\"\" data-id=\"2007\" data-full-url=\"https:\/\/www.crvenikrizbuje.hr\/wp-content\/uploads\/2021\/12\/dan.jpg\" data-link=\"https:\/\/www.crvenikrizbuje.hr\/?attachment_id=2007\" class=\"wp-image-2007\" srcset=\"https:\/\/www.crvenikrizbuje.hr\/wp-content\/uploads\/2021\/12\/dan.jpg 1000w, https:\/\/www.crvenikrizbuje.hr\/wp-content\/uploads\/2021\/12\/dan-300x241.jpg 300w, https:\/\/www.crvenikrizbuje.hr\/wp-content\/uploads\/2021\/12\/dan-768x617.jpg 768w\" sizes=\"auto, (max-width: 1000px) 100vw, 1000px\" \/><\/figure><\/li><li class=\"blocks-gallery-item\"><figure><img loading=\"lazy\" decoding=\"async\" width=\"1024\" height=\"618\" src=\"https:\/\/www.crvenikrizbuje.hr\/wp-content\/uploads\/2021\/12\/dan1-1024x618.jpg\" alt=\"\" data-id=\"2008\" data-full-url=\"https:\/\/www.crvenikrizbuje.hr\/wp-content\/uploads\/2021\/12\/dan1.jpg\" data-link=\"https:\/\/www.crvenikrizbuje.hr\/?attachment_id=2008\" class=\"wp-image-2008\" srcset=\"https:\/\/www.crvenikrizbuje.hr\/wp-content\/uploads\/2021\/12\/dan1-1024x618.jpg 1024w, https:\/\/www.crvenikrizbuje.hr\/wp-content\/uploads\/2021\/12\/dan1-300x181.jpg 300w, https:\/\/www.crvenikrizbuje.hr\/wp-content\/uploads\/2021\/12\/dan1-768x464.jpg 768w, https:\/\/www.crvenikrizbuje.hr\/wp-content\/uploads\/2021\/12\/dan1.jpg 1512w\" sizes=\"auto, (max-width: 1024px) 100vw, 1024px\" \/><\/figure><\/li><li class=\"blocks-gallery-item\"><figure><img loading=\"lazy\" decoding=\"async\" width=\"960\" height=\"720\" src=\"https:\/\/www.crvenikrizbuje.hr\/wp-content\/uploads\/2021\/12\/dan2.jpg\" alt=\"\" data-id=\"2009\" data-full-url=\"https:\/\/www.crvenikrizbuje.hr\/wp-content\/uploads\/2021\/12\/dan2.jpg\" data-link=\"https:\/\/www.crvenikrizbuje.hr\/?attachment_id=2009\" class=\"wp-image-2009\" srcset=\"https:\/\/www.crvenikrizbuje.hr\/wp-content\/uploads\/2021\/12\/dan2.jpg 960w, https:\/\/www.crvenikrizbuje.hr\/wp-content\/uploads\/2021\/12\/dan2-300x225.jpg 300w, https:\/\/www.crvenikrizbuje.hr\/wp-content\/uploads\/2021\/12\/dan2-768x576.jpg 768w\" sizes=\"auto, (max-width: 960px) 100vw, 960px\" \/><\/figure><\/li><li class=\"blocks-gallery-item\"><figure><img loading=\"lazy\" decoding=\"async\" width=\"960\" height=\"720\" src=\"https:\/\/www.crvenikrizbuje.hr\/wp-content\/uploads\/2021\/12\/dan3-1.jpg\" alt=\"\" data-id=\"2010\" data-full-url=\"https:\/\/www.crvenikrizbuje.hr\/wp-content\/uploads\/2021\/12\/dan3-1.jpg\" data-link=\"https:\/\/www.crvenikrizbuje.hr\/?attachment_id=2010\" class=\"wp-image-2010\" srcset=\"https:\/\/www.crvenikrizbuje.hr\/wp-content\/uploads\/2021\/12\/dan3-1.jpg 960w, https:\/\/www.crvenikrizbuje.hr\/wp-content\/uploads\/2021\/12\/dan3-1-300x225.jpg 300w, https:\/\/www.crvenikrizbuje.hr\/wp-content\/uploads\/2021\/12\/dan3-1-768x576.jpg 768w\" sizes=\"auto, (max-width: 960px) 100vw, 960px\" \/><\/figure><\/li><li class=\"blocks-gallery-item\"><figure><img loading=\"lazy\" decoding=\"async\" width=\"843\" height=\"960\" src=\"https:\/\/www.crvenikrizbuje.hr\/wp-content\/uploads\/2021\/12\/dan4.jpg\" alt=\"\" data-id=\"2011\" data-full-url=\"https:\/\/www.crvenikrizbuje.hr\/wp-content\/uploads\/2021\/12\/dan4.jpg\" data-link=\"https:\/\/www.crvenikrizbuje.hr\/?attachment_id=2011\" class=\"wp-image-2011\" srcset=\"https:\/\/www.crvenikrizbuje.hr\/wp-content\/uploads\/2021\/12\/dan4.jpg 843w, https:\/\/www.crvenikrizbuje.hr\/wp-content\/uploads\/2021\/12\/dan4-263x300.jpg 263w, https:\/\/www.crvenikrizbuje.hr\/wp-content\/uploads\/2021\/12\/dan4-768x875.jpg 768w\" sizes=\"auto, (max-width: 843px) 100vw, 843px\" \/><\/figure><\/li><\/ul><\/figure>\n","protected":false},"excerpt":{"rendered":"<p>DAMJAN JAGUNEC SEME\u0160I, VOLONTER GODINE GRADA UMAGA 2021. Zbog obveza na fakultetu u ime na\u0161eg dragog Damjana nagradu je preuzela njegova majka Evelin koja nam je isto puno pomogla posebno<\/p>\n","protected":false},"author":1,"featured_media":2006,"comment_status":"closed","ping_status":"closed","sticky":false,"template":"","format":"standard","meta":{"_monsterinsights_skip_tracking":false,"_monsterinsights_sitenote_active":false,"_monsterinsights_sitenote_note":"","_monsterinsights_sitenote_category":0,"footnotes":""},"categories":[3],"tags":[],"class_list":["post-2005","post","type-post","status-publish","format-standard","has-post-thumbnail","hentry","category-novo"],"_links":{"self":[{"href":"https:\/\/www.crvenikrizbuje.hr\/index.php?rest_route=\/wp\/v2\/posts\/2005","targetHints":{"allow":["GET"]}}],"collection":[{"href":"https:\/\/www.crvenikrizbuje.hr\/index.php?rest_route=\/wp\/v2\/posts"}],"about":[{"href":"https:\/\/www.crvenikrizbuje.hr\/index.php?rest_route=\/wp\/v2\/types\/post"}],"author":[{"embeddable":true,"href":"https:\/\/www.crvenikrizbuje.hr\/index.php?rest_route=\/wp\/v2\/users\/1"}],"replies":[{"embeddable":true,"href":"https:\/\/www.crvenikrizbuje.hr\/index.php?rest_route=%2Fwp%2Fv2%2Fcomments&post=2005"}],"version-history":[{"count":0,"href":"https:\/\/www.crvenikrizbuje.hr\/index.php?rest_route=\/wp\/v2\/posts\/2005\/revisions"}],"wp:featuredmedia":[{"embeddable":true,"href":"https:\/\/www.crvenikrizbuje.hr\/index.php?rest_route=\/wp\/v2\/media\/2006"}],"wp:attachment":[{"href":"https:\/\/www.crvenikrizbuje.hr\/index.php?rest_route=%2Fwp%2Fv2%2Fmedia&parent=2005"}],"wp:term":[{"taxonomy":"category","embeddable":true,"href":"https:\/\/www.crvenikrizbuje.hr\/index.php?rest_route=%2Fwp%2Fv2%2Fcategories&post=2005"},{"taxonomy":"post_tag","embeddable":true,"href":"https:\/\/www.crvenikrizbuje.hr\/index.php?rest_route=%2Fwp%2Fv2%2Ftags&post=2005"}],"curies":[{"name":"wp","href":"https:\/\/api.w.org\/{rel}","templated":true}]}}