{"id":2015,"date":"2021-12-05T10:16:00","date_gmt":"2021-12-05T10:16:00","guid":{"rendered":"https:\/\/www.crvenikrizbuje.hr\/?p=2015"},"modified":"2021-12-17T10:17:49","modified_gmt":"2021-12-17T10:17:49","slug":"dan-volontera","status":"publish","type":"post","link":"https:\/\/www.crvenikrizbuje.hr\/?p=2015","title":{"rendered":"dan volontera"},"content":{"rendered":"\n<p>Danas obilje\u017eavamo Me\u0111unarodni dan volontera. Dan kada odajemo po\u010dast i zahvalnost svim onim plemenitim ljudima koji nesebi\u010dno poklanjaju svoje vrijeme kako bi pomagali drugima.<br>DRAGI VOLONTERI HVALA VAM&#x2757;&#x2757;&#x2757;&#x1f970;&#x1f970;&#x1f970;&#x1f970;<br><a href=\"https:\/\/www.facebook.com\/hashtag\/danvolontera?__eep__=6&amp;source=feed_text&amp;epa=HASHTAG&amp;__xts__%5B0%5D=68.ARArA2mYkdX0xQiTz_H9b_tKRWGVvUF_Izg-AyknG1zR3bVUeVfKCyg6YnwMvtMf1rz5fM2YNv5WueySHrg1TpCI1vdcUPsnsA6ttKPFlgumBJ9U-APRsu4_52le4K_zgLN_KIr4BduCgblVVCTj-YZUXSyKO6TaGIHeNotCVyyIXuB4QihBo6OuapPAXN66lMWU1MvUkTkorwh5PDbtkHe7JckOyVCDGcTymdgYLeXj39jWMcK8_pLxcneomD3ANEntf7EB13MjR0B1dRlQQka6-rvPy-VoPl3Ux9k3TVCk5_Svf-wzXw&amp;__tn__=%2ANK-R\">#danvolontera<\/a>&nbsp;<a href=\"https:\/\/www.facebook.com\/hashtag\/mividimoljude?__eep__=6&amp;source=feed_text&amp;epa=HASHTAG&amp;__xts__%5B0%5D=68.ARArA2mYkdX0xQiTz_H9b_tKRWGVvUF_Izg-AyknG1zR3bVUeVfKCyg6YnwMvtMf1rz5fM2YNv5WueySHrg1TpCI1vdcUPsnsA6ttKPFlgumBJ9U-APRsu4_52le4K_zgLN_KIr4BduCgblVVCTj-YZUXSyKO6TaGIHeNotCVyyIXuB4QihBo6OuapPAXN66lMWU1MvUkTkorwh5PDbtkHe7JckOyVCDGcTymdgYLeXj39jWMcK8_pLxcneomD3ANEntf7EB13MjR0B1dRlQQka6-rvPy-VoPl3Ux9k3TVCk5_Svf-wzXw&amp;__tn__=%2ANK-R\">#mividimoljude<\/a>&nbsp;<a href=\"https:\/\/www.facebook.com\/hashtag\/crvenikrizbujstine?__eep__=6&amp;source=feed_text&amp;epa=HASHTAG&amp;__xts__%5B0%5D=68.ARArA2mYkdX0xQiTz_H9b_tKRWGVvUF_Izg-AyknG1zR3bVUeVfKCyg6YnwMvtMf1rz5fM2YNv5WueySHrg1TpCI1vdcUPsnsA6ttKPFlgumBJ9U-APRsu4_52le4K_zgLN_KIr4BduCgblVVCTj-YZUXSyKO6TaGIHeNotCVyyIXuB4QihBo6OuapPAXN66lMWU1MvUkTkorwh5PDbtkHe7JckOyVCDGcTymdgYLeXj39jWMcK8_pLxcneomD3ANEntf7EB13MjR0B1dRlQQka6-rvPy-VoPl3Ux9k3TVCk5_Svf-wzXw&amp;__tn__=%2ANK-R\">#crvenikrizbujstine<\/a><\/p>\n\n\n\n<p class=\"has-text-align-center\"><strong>\u017delimo istaknuti na\u0161e volontere koji su ostvarili do sada najve\u0107i broj volonterskih sati u ovoj godini!!!<br>Denis Matkovic &#8211; 468 sati (Buje)<br>Zora Omeragi\u0107 &#8211; 468 sati (Umag)<br>Mario \u0160imat &#8211; 428 &#8211; sati (Buje)<br>Gloria Verunica &#8211; 381 sati (Umag)<br>Regina Cukon &#8211; 317 sati (Umag)<br>Valentina \u0106ur\u010diba\u0161i\u0107 &#8211; 309 sati (Umag)<br>Melisa Keranovi\u0107 &#8211; 288 &#8211; sati (Buje)<br>Anica Matej\u010di\u0107 &#8211; 254 sati (Novigrad)<br>Bruna Lugari\u0107 &#8211; 227 sati (Novigrad)<br>Valentina Vi\u010devi\u0107 &#8211; 218 sati (Novigrad)<br>Zoran Dragojevi\u0107 &#8211; 217 sati (Buje)<\/strong><\/p>\n\n\n\n<p>U ime Crvenog kri\u017ea Buj\u0161tine i svim drugim volonterima koji su ostvarili volonterske sate i time u\u010dinili na\u0161u zajednicu jo\u0161 boljim mjestom za \u017eivljenje \u017eelimo se zahvaliti!!&nbsp;&#x1f4aa;&#x1f4aa;&#x1f44c;&#x1f44f;&#x1f44f;&#x1f44f;&#x1f44f;&#x2764;&#xfe0f;&#x2764;&#xfe0f;&nbsp;HVALA- GRAZIE<\/p>\n\n\n\n<figure class=\"wp-block-gallery columns-0 is-cropped wp-block-gallery-1 is-layout-flex wp-block-gallery-is-layout-flex\"><ul class=\"blocks-gallery-grid\"><\/ul><\/figure>\n","protected":false},"excerpt":{"rendered":"<p>Danas obilje\u017eavamo Me\u0111unarodni dan volontera. Dan kada odajemo po\u010dast i zahvalnost svim onim plemenitim ljudima koji nesebi\u010dno poklanjaju svoje vrijeme kako bi pomagali drugima.DRAGI VOLONTERI HVALA VAM&#x2757;&#x2757;&#x2757;&#x1f970;&#x1f970;&#x1f970;&#x1f970;#danvolontera&nbsp;#mividimoljude&nbsp;#crvenikrizbujstine \u017delimo istaknuti na\u0161e<\/p>\n","protected":false},"author":1,"featured_media":2016,"comment_status":"closed","ping_status":"closed","sticky":false,"template":"","format":"standard","meta":{"_monsterinsights_skip_tracking":false,"_monsterinsights_sitenote_active":false,"_monsterinsights_sitenote_note":"","_monsterinsights_sitenote_category":0,"footnotes":""},"categories":[3],"tags":[],"class_list":["post-2015","post","type-post","status-publish","format-standard","has-post-thumbnail","hentry","category-novo"],"_links":{"self":[{"href":"https:\/\/www.crvenikrizbuje.hr\/index.php?rest_route=\/wp\/v2\/posts\/2015","targetHints":{"allow":["GET"]}}],"collection":[{"href":"https:\/\/www.crvenikrizbuje.hr\/index.php?rest_route=\/wp\/v2\/posts"}],"about":[{"href":"https:\/\/www.crvenikrizbuje.hr\/index.php?rest_route=\/wp\/v2\/types\/post"}],"author":[{"embeddable":true,"href":"https:\/\/www.crvenikrizbuje.hr\/index.php?rest_route=\/wp\/v2\/users\/1"}],"replies":[{"embeddable":true,"href":"https:\/\/www.crvenikrizbuje.hr\/index.php?rest_route=%2Fwp%2Fv2%2Fcomments&post=2015"}],"version-history":[{"count":0,"href":"https:\/\/www.crvenikrizbuje.hr\/index.php?rest_route=\/wp\/v2\/posts\/2015\/revisions"}],"wp:featuredmedia":[{"embeddable":true,"href":"https:\/\/www.crvenikrizbuje.hr\/index.php?rest_route=\/wp\/v2\/media\/2016"}],"wp:attachment":[{"href":"https:\/\/www.crvenikrizbuje.hr\/index.php?rest_route=%2Fwp%2Fv2%2Fmedia&parent=2015"}],"wp:term":[{"taxonomy":"category","embeddable":true,"href":"https:\/\/www.crvenikrizbuje.hr\/index.php?rest_route=%2Fwp%2Fv2%2Fcategories&post=2015"},{"taxonomy":"post_tag","embeddable":true,"href":"https:\/\/www.crvenikrizbuje.hr\/index.php?rest_route=%2Fwp%2Fv2%2Ftags&post=2015"}],"curies":[{"name":"wp","href":"https:\/\/api.w.org\/{rel}","templated":true}]}}