{"id":2103,"date":"2022-02-24T09:09:00","date_gmt":"2022-02-24T09:09:00","guid":{"rendered":"https:\/\/www.crvenikrizbuje.hr\/?p=2103"},"modified":"2022-02-25T09:14:56","modified_gmt":"2022-02-25T09:14:56","slug":"humanost-mora-pobijediti","status":"publish","type":"post","link":"https:\/\/www.crvenikrizbuje.hr\/?p=2103","title":{"rendered":"HUMANOST MORA POBIJEDITI"},"content":{"rendered":"\n<p>Nakon jutro\u0161njeg razvoja doga\u0111aja u Ukrajini, Hrvatski Crveni kri\u017e u kontaktu je s Me\u0111unarodnom federacijom dru\u0161tava Crvenoga kri\u017ea i Crvenoga polumjeseca, kao i s Me\u0111unarodnim odborom Crvenoga kri\u017ea. Me\u0111unarodni odbor Crvenog kri\u017ea sna\u017eno poziva na po\u0161tivanje me\u0111unarodnog humanitarnog prava. \u201eOzbiljno smo zabrinuti za sigurnost zajednica u Ukrajini. Na\u0161a poruka sukobljenim stranama je jasna &#8211; po\u0161tujte me\u0111unarodno humanitarno pravo, za\u0161titite civile i omogu\u0107ite pru\u017eanje neophodnih usluga. Na\u0161i timovi odgovaraju na \u017eurne humanitarne potrebe i moraju biti u mogu\u0107nosti nastaviti svoj posao kojim doprinose spa\u0161avanju \u017eivota\u201c, poru\u010dio je predsjednik Me\u0111unarodnog odbora Crvenog kri\u017ea Peter Maurer.<\/p>\n\n\n\n<p>Predsjednik Me\u0111unarodne federacije dru\u0161tava Crvenog kri\u017ea i Crvenog polumjeseca Francesco Rocca pozvao je na solidarnost s civilima i timovima Crvenoga kri\u017ea jasno poru\u010div\u0161i: \u201eHumanost mora pobijediti.\u201c <a href=\"https:\/\/www.facebook.com\/hashtag\/hck?__eep__=6&amp;__cft__[0]=AZUyae-4H3x3t1qRl_4EXdRJwIrwEzADO5n8uqqyEBdi2Fk44jQ8Z4R3XW3baa_55lFDo9u2C3nIipjHO63GcE8ieYw5jgzhrb39dkhMXUJtVtKMA87kslxHXMOfBvedXJI8m__bUQYGCc7pjeoxi8yaOLTEhLFPAVu3871k7Sk7_0H1-ZAFP6s9Xn9z0rMugapr5OQohvPpeNvcaCxZyOQlTit8dDtq_D755oIH7sbl2g&amp;__tn__=*NK-R\">#hck<\/a><a href=\"https:\/\/www.facebook.com\/hashtag\/redcross?__eep__=6&amp;__cft__[0]=AZUyae-4H3x3t1qRl_4EXdRJwIrwEzADO5n8uqqyEBdi2Fk44jQ8Z4R3XW3baa_55lFDo9u2C3nIipjHO63GcE8ieYw5jgzhrb39dkhMXUJtVtKMA87kslxHXMOfBvedXJI8m__bUQYGCc7pjeoxi8yaOLTEhLFPAVu3871k7Sk7_0H1-ZAFP6s9Xn9z0rMugapr5OQohvPpeNvcaCxZyOQlTit8dDtq_D755oIH7sbl2g&amp;__tn__=*NK-R\">#redcross<\/a><a href=\"https:\/\/www.facebook.com\/hashtag\/ukraine?__eep__=6&amp;__cft__[0]=AZUyae-4H3x3t1qRl_4EXdRJwIrwEzADO5n8uqqyEBdi2Fk44jQ8Z4R3XW3baa_55lFDo9u2C3nIipjHO63GcE8ieYw5jgzhrb39dkhMXUJtVtKMA87kslxHXMOfBvedXJI8m__bUQYGCc7pjeoxi8yaOLTEhLFPAVu3871k7Sk7_0H1-ZAFP6s9Xn9z0rMugapr5OQohvPpeNvcaCxZyOQlTit8dDtq_D755oIH7sbl2g&amp;__tn__=*NK-R\">#ukraine<\/a><a href=\"https:\/\/www.facebook.com\/hashtag\/mividimoljude?__eep__=6&amp;__cft__[0]=AZUyae-4H3x3t1qRl_4EXdRJwIrwEzADO5n8uqqyEBdi2Fk44jQ8Z4R3XW3baa_55lFDo9u2C3nIipjHO63GcE8ieYw5jgzhrb39dkhMXUJtVtKMA87kslxHXMOfBvedXJI8m__bUQYGCc7pjeoxi8yaOLTEhLFPAVu3871k7Sk7_0H1-ZAFP6s9Xn9z0rMugapr5OQohvPpeNvcaCxZyOQlTit8dDtq_D755oIH7sbl2g&amp;__tn__=*NK-R\">#mividimoljude<\/a><\/p>\n\n\n\n<hr class=\"wp-block-separator\"\/>\n\n\n\n<p>Dopo lo sviluppo della situazione di questa mattina verificatasi in Ucraina , la Croce Rossa Croata e\u2019 in contatto con la Federazione Internazionale della Croce Rossa e Mezzaluna Rossa, come anche con il Comitato Internazionale della Croce Rossa.Il Comitato internazionale della Croce Rossa con forza fa richiamo al rispetto dei Diritti Internazionali Umanitari: \u2018\u2019Siamo seriamente preoccupati per la sicurezza dell\u2019intera comunita\u2019 in Ucraina. Il messaggio che inviamo alle parti in conflitto e\u2019 quello di rispettare il Diritto Umanitario Internazionale, proteggete I civili e consentite la fornitura dei servizi neccessari.\u2018\u2019Le nostre squadre stanno rispondendo agli urgenti bisogni umanitari e devono essere in grado di continuare il loro lavoro per continuare a salvare vite umane\u2019\u2019 ha affermato il Presidente del Comitato Internazionale della Croce Rossa Peter Maurer.<\/p>\n\n\n\n<p>Il Presidente della Federazione Internazionale della Croce Rossa e Mezzaluna Rossa, Francesco Rocca, ha chiesto solidarieta\u2019 verso I civili e verso le squadre della Croce Rossa, dicendo chiaramente: \u2018\u2019 L\u2019umanita\u2019 deve vincere\u2019\u2019.<\/p>\n","protected":false},"excerpt":{"rendered":"<p>Nakon jutro\u0161njeg razvoja doga\u0111aja u Ukrajini, Hrvatski Crveni kri\u017e u kontaktu je s Me\u0111unarodnom federacijom dru\u0161tava Crvenoga kri\u017ea i Crvenoga polumjeseca, kao i s Me\u0111unarodnim odborom Crvenoga kri\u017ea. Me\u0111unarodni odbor<\/p>\n","protected":false},"author":1,"featured_media":2105,"comment_status":"closed","ping_status":"closed","sticky":false,"template":"","format":"standard","meta":{"_monsterinsights_skip_tracking":false,"_monsterinsights_sitenote_active":false,"_monsterinsights_sitenote_note":"","_monsterinsights_sitenote_category":0,"footnotes":""},"categories":[3],"tags":[],"class_list":["post-2103","post","type-post","status-publish","format-standard","has-post-thumbnail","hentry","category-novo"],"_links":{"self":[{"href":"https:\/\/www.crvenikrizbuje.hr\/index.php?rest_route=\/wp\/v2\/posts\/2103","targetHints":{"allow":["GET"]}}],"collection":[{"href":"https:\/\/www.crvenikrizbuje.hr\/index.php?rest_route=\/wp\/v2\/posts"}],"about":[{"href":"https:\/\/www.crvenikrizbuje.hr\/index.php?rest_route=\/wp\/v2\/types\/post"}],"author":[{"embeddable":true,"href":"https:\/\/www.crvenikrizbuje.hr\/index.php?rest_route=\/wp\/v2\/users\/1"}],"replies":[{"embeddable":true,"href":"https:\/\/www.crvenikrizbuje.hr\/index.php?rest_route=%2Fwp%2Fv2%2Fcomments&post=2103"}],"version-history":[{"count":0,"href":"https:\/\/www.crvenikrizbuje.hr\/index.php?rest_route=\/wp\/v2\/posts\/2103\/revisions"}],"wp:featuredmedia":[{"embeddable":true,"href":"https:\/\/www.crvenikrizbuje.hr\/index.php?rest_route=\/wp\/v2\/media\/2105"}],"wp:attachment":[{"href":"https:\/\/www.crvenikrizbuje.hr\/index.php?rest_route=%2Fwp%2Fv2%2Fmedia&parent=2103"}],"wp:term":[{"taxonomy":"category","embeddable":true,"href":"https:\/\/www.crvenikrizbuje.hr\/index.php?rest_route=%2Fwp%2Fv2%2Fcategories&post=2103"},{"taxonomy":"post_tag","embeddable":true,"href":"https:\/\/www.crvenikrizbuje.hr\/index.php?rest_route=%2Fwp%2Fv2%2Ftags&post=2103"}],"curies":[{"name":"wp","href":"https:\/\/api.w.org\/{rel}","templated":true}]}}