{"id":2141,"date":"2022-03-04T07:10:13","date_gmt":"2022-03-04T07:10:13","guid":{"rendered":"https:\/\/www.crvenikrizbuje.hr\/?p=2141"},"modified":"2022-03-04T07:11:49","modified_gmt":"2022-03-04T07:11:49","slug":"sluzba-trazenja-gdck-buje","status":"publish","type":"post","link":"https:\/\/www.crvenikrizbuje.hr\/?p=2141","title":{"rendered":"Slu\u017eba tra\u017eenja gdck buje"},"content":{"rendered":"\n<p>Od po\u010detka Ukrajinske krize do dana\u0161njeg dana Slu\u017eba tra\u017eenja GDCK Buje je aktivna. U sklopu aktivnosti slu\u017ebe tra\u017eenja za sada je na na\u0161em podru\u010dju evidentirano 25 osoba sa podru\u010dja pogo\u0111enog ratnim sukobom me\u0111u kojima je \u010dak 15-ero djece. Svima njima pru\u017eena je pomo\u0107 koja im je u tom trenutku bila potrebna te sve potrebne informacije. Ponovno apeliramo na na\u0161e sugra\u0111ane da ukoliko imaju saznanja da su se na na\u0161em podru\u010dju pojavili ljudi koji su izbjegli iz Ukrajine svakako te ljude po\u0161alju da se jave u Gradsko dru\u0161tvo Crvenog kri\u017ea Buje kako bi ih evidentirali i pru\u017eili im pomo\u0107 u hrani, higijeni, odje\u0107i, obu\u0107i ili razgovoru te kako bi im pru\u017eili sve informacije koje su im potrebne. Izbjegle osobe mogu se javiti ukoliko su smje\u0161teni na podru\u010dju Grada Umag-Umago (adresa Umag ,Polesine 9) , Buje-Buie (Buje, 1. Svibnja 9) , Novigrad-Cittanova, Op\u0107ina Brtonigla-Verteneglio, Gro\u017enjan-Grisignana i Oprtalj-Portole (Buje, 1. Svibnja 9), da se jave u Crveni kri\u017e Buj\u0161tine na broj 052\/772-446 ili 052\/742-038, PSP tel. 0919098843, info@crvenikrizbuje.hr <a href=\"https:\/\/www.facebook.com\/hashtag\/hck?__eep__=6&amp;__cft__[0]=AZU0MEWivtz5TSc29drNtDYkCZMfi2lpWoLszk29LF4aUenqL5z4WTFOq-__6YYPYCLekICfVOb8l39RGOlbZ5b9JtYOiyH4rLKW6-SD1OKkTaGXoZGSsa-0HFHFLAZJ1JN6MBexbUpB6fJtjG1LsanyvV17sbOykhNez_f3oSMxZ48ITmu4kzC8qiNmOk8ci2w&amp;__tn__=*NK-R\">#hck<\/a><a href=\"https:\/\/www.facebook.com\/hashtag\/redcross?__eep__=6&amp;__cft__[0]=AZU0MEWivtz5TSc29drNtDYkCZMfi2lpWoLszk29LF4aUenqL5z4WTFOq-__6YYPYCLekICfVOb8l39RGOlbZ5b9JtYOiyH4rLKW6-SD1OKkTaGXoZGSsa-0HFHFLAZJ1JN6MBexbUpB6fJtjG1LsanyvV17sbOykhNez_f3oSMxZ48ITmu4kzC8qiNmOk8ci2w&amp;__tn__=*NK-R\">#redcross<\/a><a href=\"https:\/\/www.facebook.com\/hashtag\/mividimoljude?__eep__=6&amp;__cft__[0]=AZU0MEWivtz5TSc29drNtDYkCZMfi2lpWoLszk29LF4aUenqL5z4WTFOq-__6YYPYCLekICfVOb8l39RGOlbZ5b9JtYOiyH4rLKW6-SD1OKkTaGXoZGSsa-0HFHFLAZJ1JN6MBexbUpB6fJtjG1LsanyvV17sbOykhNez_f3oSMxZ48ITmu4kzC8qiNmOk8ci2w&amp;__tn__=*NK-R\">#mividimoljude<\/a><a href=\"https:\/\/www.facebook.com\/hashtag\/ukraine?__eep__=6&amp;__cft__[0]=AZU0MEWivtz5TSc29drNtDYkCZMfi2lpWoLszk29LF4aUenqL5z4WTFOq-__6YYPYCLekICfVOb8l39RGOlbZ5b9JtYOiyH4rLKW6-SD1OKkTaGXoZGSsa-0HFHFLAZJ1JN6MBexbUpB6fJtjG1LsanyvV17sbOykhNez_f3oSMxZ48ITmu4kzC8qiNmOk8ci2w&amp;__tn__=*NK-R\">#ukraine<\/a><a href=\"https:\/\/www.facebook.com\/hashtag\/crvenikrizbujstine?__eep__=6&amp;__cft__[0]=AZU0MEWivtz5TSc29drNtDYkCZMfi2lpWoLszk29LF4aUenqL5z4WTFOq-__6YYPYCLekICfVOb8l39RGOlbZ5b9JtYOiyH4rLKW6-SD1OKkTaGXoZGSsa-0HFHFLAZJ1JN6MBexbUpB6fJtjG1LsanyvV17sbOykhNez_f3oSMxZ48ITmu4kzC8qiNmOk8ci2w&amp;__tn__=*NK-R\">#crvenikrizbujstine<\/a><\/p>\n\n\n\n<p>Dall&#8217;inizio della crisi in Ucraina, il Servizio di ricerca \u2013 Restoring Family Links della nostra Croce Rossa, e&#8217; attivo ed ha registrato 25 persone arrivate dalle zone colpite dalla guerra, di queste 25 persone ben 15 sono i bambini. A tutti loro e&#8217; stato fornito il supporto neccessario e date loro loro ionformazioni importanti.Facciamo di nuovo appello ai nostri concittadini che hanno accolto i profughi oppure hanno sentito che nei giorni precedenti sono arrivati nel nostro territorio (o che devono ancora arrivare), ma che ancora non sono stati da noi, di consigliare loro a farci visita nelle nostre sedi al fine di poterli registrare e fornire l&#8217;aiuto di cui hanno bisogno. SEDI:BUIE con i comuni di GRISIGNANA, VERTENEGLIO, PORTOLE e perl la citta&#8217; di CITTANOVA: via 1.Maggio 9, BuieUMAGO: via Polesine 9<\/p>\n\n\n\n<p>CONTATTO TELEFONICO: 052 \/ 772-446 o 052\/742-038 Numero per il supporto psicosociale: 091 \/ 9098843, E \u2013 MAIL: info@crvenikrizbuje.hr<\/p>\n","protected":false},"excerpt":{"rendered":"<p>Od po\u010detka Ukrajinske krize do dana\u0161njeg dana Slu\u017eba tra\u017eenja GDCK Buje je aktivna. U sklopu aktivnosti slu\u017ebe tra\u017eenja za sada je na na\u0161em podru\u010dju evidentirano 25 osoba sa podru\u010dja pogo\u0111enog<\/p>\n","protected":false},"author":1,"featured_media":2134,"comment_status":"closed","ping_status":"closed","sticky":false,"template":"","format":"standard","meta":{"_monsterinsights_skip_tracking":false,"_monsterinsights_sitenote_active":false,"_monsterinsights_sitenote_note":"","_monsterinsights_sitenote_category":0,"footnotes":""},"categories":[3],"tags":[],"class_list":["post-2141","post","type-post","status-publish","format-standard","has-post-thumbnail","hentry","category-novo"],"_links":{"self":[{"href":"https:\/\/www.crvenikrizbuje.hr\/index.php?rest_route=\/wp\/v2\/posts\/2141","targetHints":{"allow":["GET"]}}],"collection":[{"href":"https:\/\/www.crvenikrizbuje.hr\/index.php?rest_route=\/wp\/v2\/posts"}],"about":[{"href":"https:\/\/www.crvenikrizbuje.hr\/index.php?rest_route=\/wp\/v2\/types\/post"}],"author":[{"embeddable":true,"href":"https:\/\/www.crvenikrizbuje.hr\/index.php?rest_route=\/wp\/v2\/users\/1"}],"replies":[{"embeddable":true,"href":"https:\/\/www.crvenikrizbuje.hr\/index.php?rest_route=%2Fwp%2Fv2%2Fcomments&post=2141"}],"version-history":[{"count":0,"href":"https:\/\/www.crvenikrizbuje.hr\/index.php?rest_route=\/wp\/v2\/posts\/2141\/revisions"}],"wp:featuredmedia":[{"embeddable":true,"href":"https:\/\/www.crvenikrizbuje.hr\/index.php?rest_route=\/wp\/v2\/media\/2134"}],"wp:attachment":[{"href":"https:\/\/www.crvenikrizbuje.hr\/index.php?rest_route=%2Fwp%2Fv2%2Fmedia&parent=2141"}],"wp:term":[{"taxonomy":"category","embeddable":true,"href":"https:\/\/www.crvenikrizbuje.hr\/index.php?rest_route=%2Fwp%2Fv2%2Fcategories&post=2141"},{"taxonomy":"post_tag","embeddable":true,"href":"https:\/\/www.crvenikrizbuje.hr\/index.php?rest_route=%2Fwp%2Fv2%2Ftags&post=2141"}],"curies":[{"name":"wp","href":"https:\/\/api.w.org\/{rel}","templated":true}]}}