{"id":2165,"date":"2022-03-20T08:16:00","date_gmt":"2022-03-20T08:16:00","guid":{"rendered":"https:\/\/www.crvenikrizbuje.hr\/?p=2165"},"modified":"2022-03-22T08:19:32","modified_gmt":"2022-03-22T08:19:32","slug":"bls-licence","status":"publish","type":"post","link":"https:\/\/www.crvenikrizbuje.hr\/?p=2165","title":{"rendered":"bls licence"},"content":{"rendered":"\n<p>Europska BLS licenca uspje\u0161no polo\u017eena&#x1f600;&#x1f600;..ukupno 14 pripadnika Crvenog kriza Buj\u0161tine polagalo je ispit osnovnog odr\u017eavanja \u017eivota (BLS) s uporabom automatskog vanjskog defibrilatora (AVD)\u2026\u010cestitamo svima na trudu i radu a na\u0161im edukatorima zahvaljujemo na suradnji!! #crvenikrizbujstine #firstaid #redcross<br>&#x1f447;&#x1f447;&#x1f447;<\/p>\n\n\n\n<hr class=\"wp-block-separator\"\/>\n\n\n\n<p>lo scorso weekend, 14 tra volontari e dipendenti hanno conseguito la licenza europea BLS con l&#8217;utilizzo del derfibrillatore.<br>Ringraziamo tutti anche gli istruttori per la collaborazione<\/p>\n\n\n\n<figure class=\"wp-block-gallery columns-3 is-cropped wp-block-gallery-1 is-layout-flex wp-block-gallery-is-layout-flex\"><ul class=\"blocks-gallery-grid\"><li class=\"blocks-gallery-item\"><figure><img loading=\"lazy\" decoding=\"async\" width=\"960\" height=\"720\" src=\"https:\/\/www.crvenikrizbuje.hr\/wp-content\/uploads\/2022\/03\/bls3.jpg\" alt=\"\" data-id=\"2167\" data-full-url=\"https:\/\/www.crvenikrizbuje.hr\/wp-content\/uploads\/2022\/03\/bls3.jpg\" data-link=\"https:\/\/www.crvenikrizbuje.hr\/?attachment_id=2167\" class=\"wp-image-2167\" srcset=\"https:\/\/www.crvenikrizbuje.hr\/wp-content\/uploads\/2022\/03\/bls3.jpg 960w, https:\/\/www.crvenikrizbuje.hr\/wp-content\/uploads\/2022\/03\/bls3-300x225.jpg 300w, https:\/\/www.crvenikrizbuje.hr\/wp-content\/uploads\/2022\/03\/bls3-768x576.jpg 768w\" sizes=\"auto, (max-width: 960px) 100vw, 960px\" \/><\/figure><\/li><li class=\"blocks-gallery-item\"><figure><img loading=\"lazy\" decoding=\"async\" width=\"600\" height=\"800\" src=\"https:\/\/www.crvenikrizbuje.hr\/wp-content\/uploads\/2022\/03\/bls2.jpg\" alt=\"\" data-id=\"2168\" data-full-url=\"https:\/\/www.crvenikrizbuje.hr\/wp-content\/uploads\/2022\/03\/bls2.jpg\" data-link=\"https:\/\/www.crvenikrizbuje.hr\/?attachment_id=2168\" class=\"wp-image-2168\" srcset=\"https:\/\/www.crvenikrizbuje.hr\/wp-content\/uploads\/2022\/03\/bls2.jpg 600w, https:\/\/www.crvenikrizbuje.hr\/wp-content\/uploads\/2022\/03\/bls2-225x300.jpg 225w\" sizes=\"auto, (max-width: 600px) 100vw, 600px\" \/><\/figure><\/li><li class=\"blocks-gallery-item\"><figure><img loading=\"lazy\" decoding=\"async\" width=\"800\" height=\"600\" src=\"https:\/\/www.crvenikrizbuje.hr\/wp-content\/uploads\/2022\/03\/bls1-1.jpg\" alt=\"\" data-id=\"2169\" data-full-url=\"https:\/\/www.crvenikrizbuje.hr\/wp-content\/uploads\/2022\/03\/bls1-1.jpg\" data-link=\"https:\/\/www.crvenikrizbuje.hr\/?attachment_id=2169\" class=\"wp-image-2169\" srcset=\"https:\/\/www.crvenikrizbuje.hr\/wp-content\/uploads\/2022\/03\/bls1-1.jpg 800w, https:\/\/www.crvenikrizbuje.hr\/wp-content\/uploads\/2022\/03\/bls1-1-300x225.jpg 300w, https:\/\/www.crvenikrizbuje.hr\/wp-content\/uploads\/2022\/03\/bls1-1-768x576.jpg 768w\" sizes=\"auto, (max-width: 800px) 100vw, 800px\" \/><\/figure><\/li><li class=\"blocks-gallery-item\"><figure><img loading=\"lazy\" decoding=\"async\" width=\"800\" height=\"600\" src=\"https:\/\/www.crvenikrizbuje.hr\/wp-content\/uploads\/2022\/03\/bls.jpg\" alt=\"\" data-id=\"2170\" data-full-url=\"https:\/\/www.crvenikrizbuje.hr\/wp-content\/uploads\/2022\/03\/bls.jpg\" data-link=\"https:\/\/www.crvenikrizbuje.hr\/?attachment_id=2170\" class=\"wp-image-2170\" srcset=\"https:\/\/www.crvenikrizbuje.hr\/wp-content\/uploads\/2022\/03\/bls.jpg 800w, https:\/\/www.crvenikrizbuje.hr\/wp-content\/uploads\/2022\/03\/bls-300x225.jpg 300w, https:\/\/www.crvenikrizbuje.hr\/wp-content\/uploads\/2022\/03\/bls-768x576.jpg 768w\" sizes=\"auto, (max-width: 800px) 100vw, 800px\" \/><\/figure><\/li><\/ul><\/figure>\n","protected":false},"excerpt":{"rendered":"<p>Europska BLS licenca uspje\u0161no polo\u017eena&#x1f600;&#x1f600;..ukupno 14 pripadnika Crvenog kriza Buj\u0161tine polagalo je ispit osnovnog odr\u017eavanja \u017eivota (BLS) s uporabom automatskog vanjskog defibrilatora (AVD)\u2026\u010cestitamo svima na trudu i radu a na\u0161im<\/p>\n","protected":false},"author":1,"featured_media":2166,"comment_status":"closed","ping_status":"closed","sticky":false,"template":"","format":"standard","meta":{"_monsterinsights_skip_tracking":false,"_monsterinsights_sitenote_active":false,"_monsterinsights_sitenote_note":"","_monsterinsights_sitenote_category":0,"footnotes":""},"categories":[3],"tags":[],"class_list":["post-2165","post","type-post","status-publish","format-standard","has-post-thumbnail","hentry","category-novo"],"_links":{"self":[{"href":"https:\/\/www.crvenikrizbuje.hr\/index.php?rest_route=\/wp\/v2\/posts\/2165","targetHints":{"allow":["GET"]}}],"collection":[{"href":"https:\/\/www.crvenikrizbuje.hr\/index.php?rest_route=\/wp\/v2\/posts"}],"about":[{"href":"https:\/\/www.crvenikrizbuje.hr\/index.php?rest_route=\/wp\/v2\/types\/post"}],"author":[{"embeddable":true,"href":"https:\/\/www.crvenikrizbuje.hr\/index.php?rest_route=\/wp\/v2\/users\/1"}],"replies":[{"embeddable":true,"href":"https:\/\/www.crvenikrizbuje.hr\/index.php?rest_route=%2Fwp%2Fv2%2Fcomments&post=2165"}],"version-history":[{"count":0,"href":"https:\/\/www.crvenikrizbuje.hr\/index.php?rest_route=\/wp\/v2\/posts\/2165\/revisions"}],"wp:featuredmedia":[{"embeddable":true,"href":"https:\/\/www.crvenikrizbuje.hr\/index.php?rest_route=\/wp\/v2\/media\/2166"}],"wp:attachment":[{"href":"https:\/\/www.crvenikrizbuje.hr\/index.php?rest_route=%2Fwp%2Fv2%2Fmedia&parent=2165"}],"wp:term":[{"taxonomy":"category","embeddable":true,"href":"https:\/\/www.crvenikrizbuje.hr\/index.php?rest_route=%2Fwp%2Fv2%2Fcategories&post=2165"},{"taxonomy":"post_tag","embeddable":true,"href":"https:\/\/www.crvenikrizbuje.hr\/index.php?rest_route=%2Fwp%2Fv2%2Ftags&post=2165"}],"curies":[{"name":"wp","href":"https:\/\/api.w.org\/{rel}","templated":true}]}}