{"id":2172,"date":"2022-03-25T05:59:00","date_gmt":"2022-03-25T05:59:00","guid":{"rendered":"https:\/\/www.crvenikrizbuje.hr\/?p=2172"},"modified":"2022-03-29T06:01:30","modified_gmt":"2022-03-29T06:01:30","slug":"ponovno-pokretanje-s-nami-niste-sami-projekta","status":"publish","type":"post","link":"https:\/\/www.crvenikrizbuje.hr\/?p=2172","title":{"rendered":"PONOVNO POKRETANJE &#8221;S NAMI NISTE SAMI&#8221; PROJEKTA"},"content":{"rendered":"\n<p>DRU\u0160TVA CRVENOG KRI\u017dA BUJE, PULA, ROVINJ, PAZIN, LABIN, PORE\u010c I BUZET!!! <img loading=\"lazy\" decoding=\"async\" height=\"16\" width=\"16\" alt=\"&#x2764;&#xfe0f;\" src=\"https:\/\/static.xx.fbcdn.net\/images\/emoji.php\/v9\/t6c\/1\/16\/2764.png\"><img loading=\"lazy\" decoding=\"async\" height=\"16\" width=\"16\" alt=\"&#x2764;&#xfe0f;\" src=\"https:\/\/static.xx.fbcdn.net\/images\/emoji.php\/v9\/t6c\/1\/16\/2764.png\">Danas, 25. o\u017eujka 2022. godine, ravnatelj Gradskog dru\u0161tva Crvenog kri\u017ea Buje, Hrvoje Kova\u010devi\u0107 i Ministarstvo rada, mirovinskog sustava, obitelji i socijalne politike na \u010delu s ministrom Josipom Aladrovi\u0107em, potpisali su Ugovor o dodjeli bespovratih sredstava za projekt pod nazivom Ubla\u017eavanje siroma\u0161tva \u201ePru\u017eanjem pomo\u0107i najpotrebitijim osobama podjelom hrane i\/ili osnovne materijalne pomo\u0107i &#8211; faza IV.\u201c pod nazivom &#8220;S nami niste sami&#8221; II. Sufinanciranih iz Fonda europske pomo\u0107i za najpotrebitije (FEAD). Odobreni iznos sredstava iznosi 3.963.998,00 kn.Cilj projekta je promicanje socijalne kohezije i socijalne uklju\u010denosti pridonose\u0107i smanjenju siroma\u0161tva, te nedostatka hrane te osnovnih higijenskih potrep\u0161tina najpotrebitijim osobama s podru\u010dja cijele Istarske \u017eupanije.Velika zahvala ide svim partnerskim organizacijama u provedbi dru\u0161tva Crvenog kri\u017ea Buzet, Pula, Labin, Pazin, Pore\u010d i Rovinj te posebno Javnoj ustanovi \u201eRegionalni koordinator Istarske \u017eupanije za europske programe i fondove \u2013 Coordinatore regionale della Regione Istriana per i programmi e fondi europei\u201c <img loading=\"lazy\" decoding=\"async\" height=\"16\" width=\"16\" alt=\"&#x1f642;\" src=\"https:\/\/static.xx.fbcdn.net\/images\/emoji.php\/v9\/t4c\/1\/16\/1f642.png\"><img loading=\"lazy\" decoding=\"async\" height=\"16\" width=\"16\" alt=\"&#x1f642;\" src=\"https:\/\/static.xx.fbcdn.net\/images\/emoji.php\/v9\/t4c\/1\/16\/1f642.png\"><img loading=\"lazy\" decoding=\"async\" height=\"16\" width=\"16\" alt=\"&#x1f642;\" src=\"https:\/\/static.xx.fbcdn.net\/images\/emoji.php\/v9\/t4c\/1\/16\/1f642.png\"><img loading=\"lazy\" decoding=\"async\" height=\"16\" width=\"16\" alt=\"&#x2764;&#xfe0f;\" src=\"https:\/\/static.xx.fbcdn.net\/images\/emoji.php\/v9\/t6c\/1\/16\/2764.png\"><img loading=\"lazy\" decoding=\"async\" height=\"16\" width=\"16\" alt=\"&#x2764;&#xfe0f;\" src=\"https:\/\/static.xx.fbcdn.net\/images\/emoji.php\/v9\/t6c\/1\/16\/2764.png\"><img loading=\"lazy\" decoding=\"async\" height=\"16\" width=\"16\" alt=\"&#x1f4aa;\" src=\"https:\/\/static.xx.fbcdn.net\/images\/emoji.php\/v9\/t6c\/1\/16\/1f4aa.png\"><img loading=\"lazy\" decoding=\"async\" height=\"16\" width=\"16\" alt=\"&#x1f4aa;\" src=\"https:\/\/static.xx.fbcdn.net\/images\/emoji.php\/v9\/t6c\/1\/16\/1f4aa.png\"><\/p>\n\n\n\n<figure class=\"wp-block-gallery columns-2 is-cropped wp-block-gallery-1 is-layout-flex wp-block-gallery-is-layout-flex\"><ul class=\"blocks-gallery-grid\"><li class=\"blocks-gallery-item\"><figure><img loading=\"lazy\" decoding=\"async\" width=\"720\" height=\"960\" src=\"https:\/\/www.crvenikrizbuje.hr\/wp-content\/uploads\/2022\/03\/FEAD1.jpg\" alt=\"\" data-id=\"2173\" data-full-url=\"https:\/\/www.crvenikrizbuje.hr\/wp-content\/uploads\/2022\/03\/FEAD1.jpg\" data-link=\"https:\/\/www.crvenikrizbuje.hr\/?attachment_id=2173\" class=\"wp-image-2173\" srcset=\"https:\/\/www.crvenikrizbuje.hr\/wp-content\/uploads\/2022\/03\/FEAD1.jpg 720w, https:\/\/www.crvenikrizbuje.hr\/wp-content\/uploads\/2022\/03\/FEAD1-225x300.jpg 225w\" sizes=\"auto, (max-width: 720px) 100vw, 720px\" \/><\/figure><\/li><li class=\"blocks-gallery-item\"><figure><img loading=\"lazy\" decoding=\"async\" width=\"960\" height=\"720\" src=\"https:\/\/www.crvenikrizbuje.hr\/wp-content\/uploads\/2022\/03\/FEAD2.jpg\" alt=\"\" data-id=\"2174\" data-full-url=\"https:\/\/www.crvenikrizbuje.hr\/wp-content\/uploads\/2022\/03\/FEAD2.jpg\" data-link=\"https:\/\/www.crvenikrizbuje.hr\/?attachment_id=2174\" class=\"wp-image-2174\" srcset=\"https:\/\/www.crvenikrizbuje.hr\/wp-content\/uploads\/2022\/03\/FEAD2.jpg 960w, https:\/\/www.crvenikrizbuje.hr\/wp-content\/uploads\/2022\/03\/FEAD2-300x225.jpg 300w, https:\/\/www.crvenikrizbuje.hr\/wp-content\/uploads\/2022\/03\/FEAD2-768x576.jpg 768w\" sizes=\"auto, (max-width: 960px) 100vw, 960px\" \/><\/figure><\/li><\/ul><\/figure>\n","protected":false},"excerpt":{"rendered":"<p>DRU\u0160TVA CRVENOG KRI\u017dA BUJE, PULA, ROVINJ, PAZIN, LABIN, PORE\u010c I BUZET!!! Danas, 25. o\u017eujka 2022. godine, ravnatelj Gradskog dru\u0161tva Crvenog kri\u017ea Buje, Hrvoje Kova\u010devi\u0107 i Ministarstvo rada, mirovinskog sustava, obitelji<\/p>\n","protected":false},"author":1,"featured_media":1746,"comment_status":"closed","ping_status":"closed","sticky":false,"template":"","format":"standard","meta":{"_monsterinsights_skip_tracking":false,"_monsterinsights_sitenote_active":false,"_monsterinsights_sitenote_note":"","_monsterinsights_sitenote_category":0,"footnotes":""},"categories":[3],"tags":[],"class_list":["post-2172","post","type-post","status-publish","format-standard","has-post-thumbnail","hentry","category-novo"],"_links":{"self":[{"href":"https:\/\/www.crvenikrizbuje.hr\/index.php?rest_route=\/wp\/v2\/posts\/2172","targetHints":{"allow":["GET"]}}],"collection":[{"href":"https:\/\/www.crvenikrizbuje.hr\/index.php?rest_route=\/wp\/v2\/posts"}],"about":[{"href":"https:\/\/www.crvenikrizbuje.hr\/index.php?rest_route=\/wp\/v2\/types\/post"}],"author":[{"embeddable":true,"href":"https:\/\/www.crvenikrizbuje.hr\/index.php?rest_route=\/wp\/v2\/users\/1"}],"replies":[{"embeddable":true,"href":"https:\/\/www.crvenikrizbuje.hr\/index.php?rest_route=%2Fwp%2Fv2%2Fcomments&post=2172"}],"version-history":[{"count":0,"href":"https:\/\/www.crvenikrizbuje.hr\/index.php?rest_route=\/wp\/v2\/posts\/2172\/revisions"}],"wp:featuredmedia":[{"embeddable":true,"href":"https:\/\/www.crvenikrizbuje.hr\/index.php?rest_route=\/wp\/v2\/media\/1746"}],"wp:attachment":[{"href":"https:\/\/www.crvenikrizbuje.hr\/index.php?rest_route=%2Fwp%2Fv2%2Fmedia&parent=2172"}],"wp:term":[{"taxonomy":"category","embeddable":true,"href":"https:\/\/www.crvenikrizbuje.hr\/index.php?rest_route=%2Fwp%2Fv2%2Fcategories&post=2172"},{"taxonomy":"post_tag","embeddable":true,"href":"https:\/\/www.crvenikrizbuje.hr\/index.php?rest_route=%2Fwp%2Fv2%2Ftags&post=2172"}],"curies":[{"name":"wp","href":"https:\/\/api.w.org\/{rel}","templated":true}]}}