{"id":2177,"date":"2022-04-06T09:01:00","date_gmt":"2022-04-06T09:01:00","guid":{"rendered":"https:\/\/www.crvenikrizbuje.hr\/?p=2177"},"modified":"2022-04-07T09:24:04","modified_gmt":"2022-04-07T09:24:04","slug":"pomoc-u-kuci-na-bujstini-4","status":"publish","type":"post","link":"https:\/\/www.crvenikrizbuje.hr\/?p=2177","title":{"rendered":"POMO\u0106 U KU\u0106I NA BUJ\u0160TINI"},"content":{"rendered":"\n<p>Uspje\u0161no proveden Pilot projekt Crvenog kri\u017ea &#8220;Pomo\u0107 u ku\u0107i na Buj\u0161tini&#8221; &#8211; pru\u017eeno 2400 socijalnih usluga!!! 2400 &#8211; pru\u017eenih usluga1926 &#8211; posjeta 47 &#8211; aktivnih korisnika U Op\u0107inskoj vije\u0107nici Op\u0107ine Gro\u017enjan-Grisignana danas su predstavljeni rezultati prve godine provedbe Pilot projekta \u201ePomo\u0107 u ku\u0107i na Buj\u0161tini\u201c koji je potpisan izme\u0111u Istarske \u017eupanije, gradova Buje i Novigrad, op\u0107ina Brtonigla, Gro\u017enjan i Oprtalj te Gradskog dru\u0161tva Crvenog kri\u017ea Buje kao nositelja projekta. U ime Istarske \u017eupanije, najprije se obratila Zamjenica \u017eupana Jessica Acquavita koja je naglasila va\u017enost projekta na ovom podru\u010dju i istaknula kako se radi o va\u017enoj socijalnoj usluzi namijenjenoj gra\u0111anima koji nisu u mogu\u0107nosti sami skrbiti o svojim potrebama, a takvu im skrb ne mogu osigurati niti \u010dlanovi njihovih obitelji. Usluga im omogu\u0107ava funkcioniranje u njima poznatom okru\u017eenju, u njihovim ku\u0107ama, \u0161to je za same korisnike usluge najhumanije rje\u0161enje.U ime Istarske \u017eupanije obratila se i Privremena pro\u010delnica Upravnog odjela za zdravstvo i socijalnu skrb g\u0111a. Davorka Maras-Tka\u010duk koja se zahvalila na uspje\u0161nosti provedbe projekta i istaknula va\u017enost nastavka projekta i u budu\u0107nosti. U ime prisutnih gradona\u010delnika i na\u010delnika obratio se Na\u010delnik g. Claudio Stocovaz te istaknuo da se radi o vrlo va\u017enom Projektu za najugro\u017eenije gra\u0111ane s podru\u010dja sjeverozapadne Istre. Pregovori su, kazao je, po\u010deli jo\u0161 2019. godine te ocijenio provedbu projekta iznimno korisnom za zajednicu posebno za ruralna podru\u010dja Sjeverozapadne Istre. Na kraju istaknuo je kako JLS koje su sufinancirale projekt to \u0107e i dalje \u010diniti. Prezentaciji su prisustvovali i gradona\u010delnik Grada Buje- Buie Fabrizio Vizintin, gradona\u010delnik Grada Novigrad-Cittanova Anteo Milos, na\u010delnik Op\u0107ine Brtonigla \u2013 Vertneglio Ne\u0161 Sino\u017ei\u0107, te na\u010delnik Op\u0107ine Oprtalj \u2013 Portole Leo Bazjak kao i predstavnici Centra za socijalnu skrb Buje. <a href=\"https:\/\/www.facebook.com\/hashtag\/crvenikrizbujstine?__eep__=6&amp;__cft__[0]=AZVqzeakUvO5G1MuSSJSB2cxU--o9CeEFFiyRRRxaZPqklH0dRhudzNuWW8ksitkTFH35Uk8jA86R3ImdtiYd0JaEMJ0yT0V66ziVcXxKI9maqsgbfkf3Wf0wwANTwEQYYJ5gP09lEwLt2Wq71cK9hEoahcj74pBwFt1nJ0kC8-ASPLCITCWJBvYTv5sy4DyD7M&amp;__tn__=*NK-R\">#crvenikrizbujstine<\/a><a href=\"https:\/\/www.facebook.com\/hashtag\/hck?__eep__=6&amp;__cft__[0]=AZVqzeakUvO5G1MuSSJSB2cxU--o9CeEFFiyRRRxaZPqklH0dRhudzNuWW8ksitkTFH35Uk8jA86R3ImdtiYd0JaEMJ0yT0V66ziVcXxKI9maqsgbfkf3Wf0wwANTwEQYYJ5gP09lEwLt2Wq71cK9hEoahcj74pBwFt1nJ0kC8-ASPLCITCWJBvYTv5sy4DyD7M&amp;__tn__=*NK-R\">#hck<\/a><a href=\"https:\/\/www.facebook.com\/hashtag\/pomocukuci?__eep__=6&amp;__cft__[0]=AZVqzeakUvO5G1MuSSJSB2cxU--o9CeEFFiyRRRxaZPqklH0dRhudzNuWW8ksitkTFH35Uk8jA86R3ImdtiYd0JaEMJ0yT0V66ziVcXxKI9maqsgbfkf3Wf0wwANTwEQYYJ5gP09lEwLt2Wq71cK9hEoahcj74pBwFt1nJ0kC8-ASPLCITCWJBvYTv5sy4DyD7M&amp;__tn__=*NK-R\">#pomocukuci<\/a><a href=\"https:\/\/www.facebook.com\/hashtag\/mividimoljude?__eep__=6&amp;__cft__[0]=AZVqzeakUvO5G1MuSSJSB2cxU--o9CeEFFiyRRRxaZPqklH0dRhudzNuWW8ksitkTFH35Uk8jA86R3ImdtiYd0JaEMJ0yT0V66ziVcXxKI9maqsgbfkf3Wf0wwANTwEQYYJ5gP09lEwLt2Wq71cK9hEoahcj74pBwFt1nJ0kC8-ASPLCITCWJBvYTv5sy4DyD7M&amp;__tn__=*NK-R\">#mividimoljude<\/a><img loading=\"lazy\" decoding=\"async\" height=\"16\" width=\"16\" alt=\"&#x1f600;\" src=\"https:\/\/static.xx.fbcdn.net\/images\/emoji.php\/v9\/tce\/1\/16\/1f600.png\"><img loading=\"lazy\" decoding=\"async\" height=\"16\" width=\"16\" alt=\"&#x1f600;\" src=\"https:\/\/static.xx.fbcdn.net\/images\/emoji.php\/v9\/tce\/1\/16\/1f600.png\"><img loading=\"lazy\" decoding=\"async\" height=\"16\" width=\"16\" alt=\"&#x1f600;\" src=\"https:\/\/static.xx.fbcdn.net\/images\/emoji.php\/v9\/tce\/1\/16\/1f600.png\"><img loading=\"lazy\" decoding=\"async\" height=\"16\" width=\"16\" alt=\"&#x1f4aa;\" src=\"https:\/\/static.xx.fbcdn.net\/images\/emoji.php\/v9\/t6c\/1\/16\/1f4aa.png\"><img loading=\"lazy\" decoding=\"async\" height=\"16\" width=\"16\" alt=\"&#x1f4aa;\" src=\"https:\/\/static.xx.fbcdn.net\/images\/emoji.php\/v9\/t6c\/1\/16\/1f4aa.png\"><img loading=\"lazy\" decoding=\"async\" height=\"16\" width=\"16\" alt=\"&#x1f4aa;\" src=\"https:\/\/static.xx.fbcdn.net\/images\/emoji.php\/v9\/t6c\/1\/16\/1f4aa.png\"><\/p>\n\n\n\n<figure class=\"wp-block-image size-full\"><img loading=\"lazy\" decoding=\"async\" width=\"800\" height=\"600\" src=\"https:\/\/www.crvenikrizbuje.hr\/wp-content\/uploads\/2022\/04\/P.jpg\" alt=\"\" class=\"wp-image-2178\" srcset=\"https:\/\/www.crvenikrizbuje.hr\/wp-content\/uploads\/2022\/04\/P.jpg 800w, https:\/\/www.crvenikrizbuje.hr\/wp-content\/uploads\/2022\/04\/P-300x225.jpg 300w, https:\/\/www.crvenikrizbuje.hr\/wp-content\/uploads\/2022\/04\/P-768x576.jpg 768w\" sizes=\"auto, (max-width: 800px) 100vw, 800px\" \/><\/figure>\n\n\n\n<figure class=\"wp-block-gallery columns-3 is-cropped wp-block-gallery-1 is-layout-flex wp-block-gallery-is-layout-flex\"><ul class=\"blocks-gallery-grid\"><li class=\"blocks-gallery-item\"><figure><img loading=\"lazy\" decoding=\"async\" width=\"867\" height=\"607\" src=\"https:\/\/www.crvenikrizbuje.hr\/wp-content\/uploads\/2022\/04\/P1.jpg\" alt=\"\" data-id=\"2179\" data-full-url=\"https:\/\/www.crvenikrizbuje.hr\/wp-content\/uploads\/2022\/04\/P1.jpg\" data-link=\"https:\/\/www.crvenikrizbuje.hr\/?attachment_id=2179\" class=\"wp-image-2179\" srcset=\"https:\/\/www.crvenikrizbuje.hr\/wp-content\/uploads\/2022\/04\/P1.jpg 867w, https:\/\/www.crvenikrizbuje.hr\/wp-content\/uploads\/2022\/04\/P1-300x210.jpg 300w, https:\/\/www.crvenikrizbuje.hr\/wp-content\/uploads\/2022\/04\/P1-768x538.jpg 768w\" sizes=\"auto, (max-width: 867px) 100vw, 867px\" \/><\/figure><\/li><li class=\"blocks-gallery-item\"><figure><img loading=\"lazy\" decoding=\"async\" width=\"800\" height=\"600\" src=\"https:\/\/www.crvenikrizbuje.hr\/wp-content\/uploads\/2022\/04\/P2.jpg\" alt=\"\" data-id=\"2180\" data-full-url=\"https:\/\/www.crvenikrizbuje.hr\/wp-content\/uploads\/2022\/04\/P2.jpg\" data-link=\"https:\/\/www.crvenikrizbuje.hr\/?attachment_id=2180\" class=\"wp-image-2180\" srcset=\"https:\/\/www.crvenikrizbuje.hr\/wp-content\/uploads\/2022\/04\/P2.jpg 800w, https:\/\/www.crvenikrizbuje.hr\/wp-content\/uploads\/2022\/04\/P2-300x225.jpg 300w, https:\/\/www.crvenikrizbuje.hr\/wp-content\/uploads\/2022\/04\/P2-768x576.jpg 768w\" sizes=\"auto, (max-width: 800px) 100vw, 800px\" \/><\/figure><\/li><li class=\"blocks-gallery-item\"><figure><img loading=\"lazy\" decoding=\"async\" width=\"800\" height=\"600\" src=\"https:\/\/www.crvenikrizbuje.hr\/wp-content\/uploads\/2022\/04\/P3.jpg\" alt=\"\" data-id=\"2181\" data-full-url=\"https:\/\/www.crvenikrizbuje.hr\/wp-content\/uploads\/2022\/04\/P3.jpg\" data-link=\"https:\/\/www.crvenikrizbuje.hr\/?attachment_id=2181\" class=\"wp-image-2181\" srcset=\"https:\/\/www.crvenikrizbuje.hr\/wp-content\/uploads\/2022\/04\/P3.jpg 800w, https:\/\/www.crvenikrizbuje.hr\/wp-content\/uploads\/2022\/04\/P3-300x225.jpg 300w, https:\/\/www.crvenikrizbuje.hr\/wp-content\/uploads\/2022\/04\/P3-768x576.jpg 768w\" sizes=\"auto, (max-width: 800px) 100vw, 800px\" \/><\/figure><\/li><li class=\"blocks-gallery-item\"><figure><img loading=\"lazy\" decoding=\"async\" width=\"800\" height=\"600\" src=\"https:\/\/www.crvenikrizbuje.hr\/wp-content\/uploads\/2022\/04\/P4.jpg\" alt=\"\" data-id=\"2182\" data-full-url=\"https:\/\/www.crvenikrizbuje.hr\/wp-content\/uploads\/2022\/04\/P4.jpg\" data-link=\"https:\/\/www.crvenikrizbuje.hr\/?attachment_id=2182\" class=\"wp-image-2182\" srcset=\"https:\/\/www.crvenikrizbuje.hr\/wp-content\/uploads\/2022\/04\/P4.jpg 800w, https:\/\/www.crvenikrizbuje.hr\/wp-content\/uploads\/2022\/04\/P4-300x225.jpg 300w, https:\/\/www.crvenikrizbuje.hr\/wp-content\/uploads\/2022\/04\/P4-768x576.jpg 768w\" sizes=\"auto, (max-width: 800px) 100vw, 800px\" \/><\/figure><\/li><li class=\"blocks-gallery-item\"><figure><img loading=\"lazy\" decoding=\"async\" width=\"800\" height=\"600\" src=\"https:\/\/www.crvenikrizbuje.hr\/wp-content\/uploads\/2022\/04\/P5.jpg\" alt=\"\" data-id=\"2183\" data-full-url=\"https:\/\/www.crvenikrizbuje.hr\/wp-content\/uploads\/2022\/04\/P5.jpg\" data-link=\"https:\/\/www.crvenikrizbuje.hr\/?attachment_id=2183\" class=\"wp-image-2183\" srcset=\"https:\/\/www.crvenikrizbuje.hr\/wp-content\/uploads\/2022\/04\/P5.jpg 800w, https:\/\/www.crvenikrizbuje.hr\/wp-content\/uploads\/2022\/04\/P5-300x225.jpg 300w, https:\/\/www.crvenikrizbuje.hr\/wp-content\/uploads\/2022\/04\/P5-768x576.jpg 768w\" sizes=\"auto, (max-width: 800px) 100vw, 800px\" \/><\/figure><\/li><\/ul><\/figure>\n","protected":false},"excerpt":{"rendered":"<p>Uspje\u0161no proveden Pilot projekt Crvenog kri\u017ea &#8220;Pomo\u0107 u ku\u0107i na Buj\u0161tini&#8221; &#8211; pru\u017eeno 2400 socijalnih usluga!!! 2400 &#8211; pru\u017eenih usluga1926 &#8211; posjeta 47 &#8211; aktivnih korisnika U Op\u0107inskoj vije\u0107nici Op\u0107ine<\/p>\n","protected":false},"author":1,"featured_media":2183,"comment_status":"closed","ping_status":"closed","sticky":false,"template":"","format":"standard","meta":{"_monsterinsights_skip_tracking":false,"_monsterinsights_sitenote_active":false,"_monsterinsights_sitenote_note":"","_monsterinsights_sitenote_category":0,"footnotes":""},"categories":[3],"tags":[],"class_list":["post-2177","post","type-post","status-publish","format-standard","has-post-thumbnail","hentry","category-novo"],"_links":{"self":[{"href":"https:\/\/www.crvenikrizbuje.hr\/index.php?rest_route=\/wp\/v2\/posts\/2177","targetHints":{"allow":["GET"]}}],"collection":[{"href":"https:\/\/www.crvenikrizbuje.hr\/index.php?rest_route=\/wp\/v2\/posts"}],"about":[{"href":"https:\/\/www.crvenikrizbuje.hr\/index.php?rest_route=\/wp\/v2\/types\/post"}],"author":[{"embeddable":true,"href":"https:\/\/www.crvenikrizbuje.hr\/index.php?rest_route=\/wp\/v2\/users\/1"}],"replies":[{"embeddable":true,"href":"https:\/\/www.crvenikrizbuje.hr\/index.php?rest_route=%2Fwp%2Fv2%2Fcomments&post=2177"}],"version-history":[{"count":0,"href":"https:\/\/www.crvenikrizbuje.hr\/index.php?rest_route=\/wp\/v2\/posts\/2177\/revisions"}],"wp:featuredmedia":[{"embeddable":true,"href":"https:\/\/www.crvenikrizbuje.hr\/index.php?rest_route=\/wp\/v2\/media\/2183"}],"wp:attachment":[{"href":"https:\/\/www.crvenikrizbuje.hr\/index.php?rest_route=%2Fwp%2Fv2%2Fmedia&parent=2177"}],"wp:term":[{"taxonomy":"category","embeddable":true,"href":"https:\/\/www.crvenikrizbuje.hr\/index.php?rest_route=%2Fwp%2Fv2%2Fcategories&post=2177"},{"taxonomy":"post_tag","embeddable":true,"href":"https:\/\/www.crvenikrizbuje.hr\/index.php?rest_route=%2Fwp%2Fv2%2Ftags&post=2177"}],"curies":[{"name":"wp","href":"https:\/\/api.w.org\/{rel}","templated":true}]}}