{"id":2236,"date":"2022-05-08T08:02:00","date_gmt":"2022-05-08T08:02:00","guid":{"rendered":"https:\/\/www.crvenikrizbuje.hr\/?p=2236"},"modified":"2022-05-10T08:14:33","modified_gmt":"2022-05-10T08:14:33","slug":"svjetski-dan-crvenog-kriza-i-crvenog-polumjeseca","status":"publish","type":"post","link":"https:\/\/www.crvenikrizbuje.hr\/?p=2236","title":{"rendered":"svjetski dan crvenog kri\u017ea i crvenog polumjeseca"},"content":{"rendered":"\n<p class=\"has-text-align-center\"><strong>8. Svibnja &#8211; Svjetski dan Crvenog kri\u017ea i Crvenog polumjeseca!! Dana\u0161nji Dan Crvenog kri\u017ea i Crvenog polumjeseca uvod je u obilje\u017eavanje tjedna Crvenog kri\u017ea od 8. do 15. svibnja, te prilika da \u010destitamo njihov dan svim \u010dlanovima, volonterima, dobrovoljnim darivateljima krvi, simpatizerima, donatorima, profesionalnim djelatnicima, ali i gra\u0111anima koji u sebi nose istinsko \u010dovjekoljublje i humanost te da im se svima ovom prilikom jo\u0161 jednom od srca zahvalimo na trudu i nesebi\u010dnosti kojom svakodnevno mijenjaju zajednicu na bolje. <\/strong><a href=\"https:\/\/www.facebook.com\/hashtag\/crvenikrizbujstine?__eep__=6&amp;__cft__[0]=AZW-3XJbjN0XyduZWRA_THDvyH2mYZDZXd7RfBt3mZuXjMKAu-27g79soc7hl_0BrBt6OME65-XsFYbJzGBqzGd9kYG0jojTdUFtgfn7up9h8qj7k29Jp4YUp-yP35uyZn09x1VjOpUfUKuhzsluFcVFWjfkoRxanagj4c_HIkFwES8S15kYYoT5n7e2yKUuhc4&amp;__tn__=*NK-R\">#crvenikrizbujstine<\/a><a href=\"https:\/\/www.facebook.com\/hashtag\/redcross?__eep__=6&amp;__cft__[0]=AZW-3XJbjN0XyduZWRA_THDvyH2mYZDZXd7RfBt3mZuXjMKAu-27g79soc7hl_0BrBt6OME65-XsFYbJzGBqzGd9kYG0jojTdUFtgfn7up9h8qj7k29Jp4YUp-yP35uyZn09x1VjOpUfUKuhzsluFcVFWjfkoRxanagj4c_HIkFwES8S15kYYoT5n7e2yKUuhc4&amp;__tn__=*NK-R\">#redcross<\/a><a href=\"https:\/\/www.facebook.com\/hashtag\/hck?__eep__=6&amp;__cft__[0]=AZW-3XJbjN0XyduZWRA_THDvyH2mYZDZXd7RfBt3mZuXjMKAu-27g79soc7hl_0BrBt6OME65-XsFYbJzGBqzGd9kYG0jojTdUFtgfn7up9h8qj7k29Jp4YUp-yP35uyZn09x1VjOpUfUKuhzsluFcVFWjfkoRxanagj4c_HIkFwES8S15kYYoT5n7e2yKUuhc4&amp;__tn__=*NK-R\">#hck<\/a><a href=\"https:\/\/www.facebook.com\/hashtag\/behumankind?__eep__=6&amp;__cft__[0]=AZW-3XJbjN0XyduZWRA_THDvyH2mYZDZXd7RfBt3mZuXjMKAu-27g79soc7hl_0BrBt6OME65-XsFYbJzGBqzGd9kYG0jojTdUFtgfn7up9h8qj7k29Jp4YUp-yP35uyZn09x1VjOpUfUKuhzsluFcVFWjfkoRxanagj4c_HIkFwES8S15kYYoT5n7e2yKUuhc4&amp;__tn__=*NK-R\">#BeHumanKind<\/a><a href=\"https:\/\/www.facebook.com\/hashtag\/redcrossday?__eep__=6&amp;__cft__[0]=AZW-3XJbjN0XyduZWRA_THDvyH2mYZDZXd7RfBt3mZuXjMKAu-27g79soc7hl_0BrBt6OME65-XsFYbJzGBqzGd9kYG0jojTdUFtgfn7up9h8qj7k29Jp4YUp-yP35uyZn09x1VjOpUfUKuhzsluFcVFWjfkoRxanagj4c_HIkFwES8S15kYYoT5n7e2yKUuhc4&amp;__tn__=*NK-R\">#RedCrossDay<\/a><a href=\"https:\/\/www.facebook.com\/hashtag\/redcrescentday?__eep__=6&amp;__cft__[0]=AZW-3XJbjN0XyduZWRA_THDvyH2mYZDZXd7RfBt3mZuXjMKAu-27g79soc7hl_0BrBt6OME65-XsFYbJzGBqzGd9kYG0jojTdUFtgfn7up9h8qj7k29Jp4YUp-yP35uyZn09x1VjOpUfUKuhzsluFcVFWjfkoRxanagj4c_HIkFwES8S15kYYoT5n7e2yKUuhc4&amp;__tn__=*NK-R\">#RedCrescentDay<\/a><\/p>\n\n\n\n<figure class=\"wp-block-image size-large\"><img loading=\"lazy\" decoding=\"async\" width=\"1024\" height=\"1024\" src=\"https:\/\/www.crvenikrizbuje.hr\/wp-content\/uploads\/2022\/05\/ck1-1024x1024.jpg\" alt=\"\" class=\"wp-image-2238\" srcset=\"https:\/\/www.crvenikrizbuje.hr\/wp-content\/uploads\/2022\/05\/ck1-1024x1024.jpg 1024w, https:\/\/www.crvenikrizbuje.hr\/wp-content\/uploads\/2022\/05\/ck1-300x300.jpg 300w, https:\/\/www.crvenikrizbuje.hr\/wp-content\/uploads\/2022\/05\/ck1-150x150.jpg 150w, https:\/\/www.crvenikrizbuje.hr\/wp-content\/uploads\/2022\/05\/ck1-768x768.jpg 768w, https:\/\/www.crvenikrizbuje.hr\/wp-content\/uploads\/2022\/05\/ck1-100x100.jpg 100w, https:\/\/www.crvenikrizbuje.hr\/wp-content\/uploads\/2022\/05\/ck1-79x78.jpg 79w, https:\/\/www.crvenikrizbuje.hr\/wp-content\/uploads\/2022\/05\/ck1.jpg 1080w\" sizes=\"auto, (max-width: 1024px) 100vw, 1024px\" \/><\/figure>\n\n\n\n<figure class=\"wp-block-gallery columns-1 is-cropped wp-block-gallery-1 is-layout-flex wp-block-gallery-is-layout-flex\"><ul class=\"blocks-gallery-grid\"><li class=\"blocks-gallery-item\"><figure><img loading=\"lazy\" decoding=\"async\" width=\"1024\" height=\"768\" src=\"https:\/\/www.crvenikrizbuje.hr\/wp-content\/uploads\/2022\/05\/20220509_083514-1-1024x768.jpg\" alt=\"\" data-id=\"2243\" data-link=\"https:\/\/www.crvenikrizbuje.hr\/?attachment_id=2243\" class=\"wp-image-2243\" srcset=\"https:\/\/www.crvenikrizbuje.hr\/wp-content\/uploads\/2022\/05\/20220509_083514-1-1024x768.jpg 1024w, https:\/\/www.crvenikrizbuje.hr\/wp-content\/uploads\/2022\/05\/20220509_083514-1-300x225.jpg 300w, https:\/\/www.crvenikrizbuje.hr\/wp-content\/uploads\/2022\/05\/20220509_083514-1-768x576.jpg 768w, https:\/\/www.crvenikrizbuje.hr\/wp-content\/uploads\/2022\/05\/20220509_083514-1-1536x1152.jpg 1536w, https:\/\/www.crvenikrizbuje.hr\/wp-content\/uploads\/2022\/05\/20220509_083514-1-2048x1536.jpg 2048w\" sizes=\"auto, (max-width: 1024px) 100vw, 1024px\" \/><\/figure><\/li><\/ul><\/figure>\n\n\n","protected":false},"excerpt":{"rendered":"<p>8. Svibnja &#8211; Svjetski dan Crvenog kri\u017ea i Crvenog polumjeseca!! Dana\u0161nji Dan Crvenog kri\u017ea i Crvenog polumjeseca uvod je u obilje\u017eavanje tjedna Crvenog kri\u017ea od 8. do 15. svibnja, te<\/p>\n","protected":false},"author":1,"featured_media":2237,"comment_status":"closed","ping_status":"closed","sticky":false,"template":"","format":"standard","meta":{"_monsterinsights_skip_tracking":false,"_monsterinsights_sitenote_active":false,"_monsterinsights_sitenote_note":"","_monsterinsights_sitenote_category":0,"footnotes":""},"categories":[3],"tags":[],"class_list":["post-2236","post","type-post","status-publish","format-standard","has-post-thumbnail","hentry","category-novo"],"_links":{"self":[{"href":"https:\/\/www.crvenikrizbuje.hr\/index.php?rest_route=\/wp\/v2\/posts\/2236","targetHints":{"allow":["GET"]}}],"collection":[{"href":"https:\/\/www.crvenikrizbuje.hr\/index.php?rest_route=\/wp\/v2\/posts"}],"about":[{"href":"https:\/\/www.crvenikrizbuje.hr\/index.php?rest_route=\/wp\/v2\/types\/post"}],"author":[{"embeddable":true,"href":"https:\/\/www.crvenikrizbuje.hr\/index.php?rest_route=\/wp\/v2\/users\/1"}],"replies":[{"embeddable":true,"href":"https:\/\/www.crvenikrizbuje.hr\/index.php?rest_route=%2Fwp%2Fv2%2Fcomments&post=2236"}],"version-history":[{"count":0,"href":"https:\/\/www.crvenikrizbuje.hr\/index.php?rest_route=\/wp\/v2\/posts\/2236\/revisions"}],"wp:featuredmedia":[{"embeddable":true,"href":"https:\/\/www.crvenikrizbuje.hr\/index.php?rest_route=\/wp\/v2\/media\/2237"}],"wp:attachment":[{"href":"https:\/\/www.crvenikrizbuje.hr\/index.php?rest_route=%2Fwp%2Fv2%2Fmedia&parent=2236"}],"wp:term":[{"taxonomy":"category","embeddable":true,"href":"https:\/\/www.crvenikrizbuje.hr\/index.php?rest_route=%2Fwp%2Fv2%2Fcategories&post=2236"},{"taxonomy":"post_tag","embeddable":true,"href":"https:\/\/www.crvenikrizbuje.hr\/index.php?rest_route=%2Fwp%2Fv2%2Ftags&post=2236"}],"curies":[{"name":"wp","href":"https:\/\/api.w.org\/{rel}","templated":true}]}}