{"id":653,"date":"2020-02-14T12:29:46","date_gmt":"2020-02-14T12:29:46","guid":{"rendered":"http:\/\/www.crvenikrizbuje.hr\/?p=653"},"modified":"2020-02-17T19:34:14","modified_gmt":"2020-02-17T19:34:14","slug":"novi-avd-uredaj-u-tos-edmondo-de-amicis-buje","status":"publish","type":"post","link":"https:\/\/www.crvenikrizbuje.hr\/?p=653","title":{"rendered":"NOVI AVD URE\u0110AJ U TO\u0160 &#8220;EDMONDO DE AMICIS&#8221; BUJE"},"content":{"rendered":"<div class=\"kvgmc6g5 cxmmr5t8 oygrvhab hcukyx3x c1et5uql ii04i59q\">\n<div dir=\"auto\">Zahvaljuju\u0107i privatnoj donaciji TO\u0160 &#8220;Edmondo De Amicis&#8221; bogatija je za jo\u0161 jedan AVD ure\u0111aj koji je postavljen za potrebe \u0161kole. Tako je trenutno na podru\u010dju Buja registrirano ukupno \u010dak 4 AVD ure\u0111aja \u010dime je pokrivenost ovim ure\u0111ajima na iznimno visokoj razini. Ponosni smo \u0161to smo direktno utjecali na stvaranje ove mre\u017ee.<\/div>\n<\/div>\n<div class=\"o9v6fnle cxmmr5t8 oygrvhab hcukyx3x c1et5uql ii04i59q\">\n<div dir=\"auto\">U dogovoru sa donatorom i \u0161kolom Crveni kri\u017e Buj\u0161tine ju\u010der je odr\u017eao osposobljavanje djelatnika \u0161kole za kori\u0161tenje AVD ure\u0111aja i osnovnog odr\u017eavanja \u017eivota (15 djelatnika) . Ovo su prvi u nizu te\u010dajeva i nastavak osposobljavanja \u0161to ve\u0107eg broja djelatnika svih \u0161kola i drugih obrazovnih ustanova koje djeluje na podru\u010dju Grada Buja. Uskoro nas \u010deka O\u0160 &#8220;Mate Balote&#8221; i dje\u010dji vrti\u0107i!! <a class=\"oajrlxb2 g5ia77u1 qu0x051f esr5mh6w e9989ue4 r7d6kgcz rq0escxv nhd2j8a9 nc684nl6 p7hjln8o kvgmc6g5 cxmmr5t8 oygrvhab hcukyx3x jb3vyjys rz4wbd8a qt6c0cv9 a8nywdso i1ao9s8h esuyzwwr f1sip0of lzcic4wl oo9gr5id gpro0wi8 lrazzd5p\" tabindex=\"0\" role=\"link\" href=\"https:\/\/www.facebook.com\/hashtag\/edukacije?__cft__[0]=AZUL5dI8nUs9U78Jj542TeSzAyWbJYXLgG3NWzJ1JgD6KZ_NqbF9uMfQsXYbKkE2haCCCTyZEB9SVZrRP6A0OyogCBcPIUdXmHZBHsVZRTsIoXDxI4ML_LnHQAHcR4xNm9Sy1iBNNBgmC9u_ZJ5sDSNituLZVVlazaV2xTGTeIvnGA&amp;__tn__=*NK-R\">#edukacije<\/a> <a class=\"oajrlxb2 g5ia77u1 qu0x051f esr5mh6w e9989ue4 r7d6kgcz rq0escxv nhd2j8a9 nc684nl6 p7hjln8o kvgmc6g5 cxmmr5t8 oygrvhab hcukyx3x jb3vyjys rz4wbd8a qt6c0cv9 a8nywdso i1ao9s8h esuyzwwr f1sip0of lzcic4wl oo9gr5id gpro0wi8 lrazzd5p\" tabindex=\"0\" role=\"link\" href=\"https:\/\/www.facebook.com\/hashtag\/firstaid?__cft__[0]=AZUL5dI8nUs9U78Jj542TeSzAyWbJYXLgG3NWzJ1JgD6KZ_NqbF9uMfQsXYbKkE2haCCCTyZEB9SVZrRP6A0OyogCBcPIUdXmHZBHsVZRTsIoXDxI4ML_LnHQAHcR4xNm9Sy1iBNNBgmC9u_ZJ5sDSNituLZVVlazaV2xTGTeIvnGA&amp;__tn__=*NK-R\">#firstaid<\/a> <a class=\"oajrlxb2 g5ia77u1 qu0x051f esr5mh6w e9989ue4 r7d6kgcz rq0escxv nhd2j8a9 nc684nl6 p7hjln8o kvgmc6g5 cxmmr5t8 oygrvhab hcukyx3x jb3vyjys rz4wbd8a qt6c0cv9 a8nywdso i1ao9s8h esuyzwwr f1sip0of lzcic4wl oo9gr5id gpro0wi8 lrazzd5p\" tabindex=\"0\" role=\"link\" href=\"https:\/\/www.facebook.com\/hashtag\/avd?__cft__[0]=AZUL5dI8nUs9U78Jj542TeSzAyWbJYXLgG3NWzJ1JgD6KZ_NqbF9uMfQsXYbKkE2haCCCTyZEB9SVZrRP6A0OyogCBcPIUdXmHZBHsVZRTsIoXDxI4ML_LnHQAHcR4xNm9Sy1iBNNBgmC9u_ZJ5sDSNituLZVVlazaV2xTGTeIvnGA&amp;__tn__=*NK-R\">#avd<\/a> <a class=\"oajrlxb2 g5ia77u1 qu0x051f esr5mh6w e9989ue4 r7d6kgcz rq0escxv nhd2j8a9 nc684nl6 p7hjln8o kvgmc6g5 cxmmr5t8 oygrvhab hcukyx3x jb3vyjys rz4wbd8a qt6c0cv9 a8nywdso i1ao9s8h esuyzwwr f1sip0of lzcic4wl oo9gr5id gpro0wi8 lrazzd5p\" tabindex=\"0\" role=\"link\" href=\"https:\/\/www.facebook.com\/hashtag\/hck?__cft__[0]=AZUL5dI8nUs9U78Jj542TeSzAyWbJYXLgG3NWzJ1JgD6KZ_NqbF9uMfQsXYbKkE2haCCCTyZEB9SVZrRP6A0OyogCBcPIUdXmHZBHsVZRTsIoXDxI4ML_LnHQAHcR4xNm9Sy1iBNNBgmC9u_ZJ5sDSNituLZVVlazaV2xTGTeIvnGA&amp;__tn__=*NK-R\">#hck<\/a> <a class=\"oajrlxb2 g5ia77u1 qu0x051f esr5mh6w e9989ue4 r7d6kgcz rq0escxv nhd2j8a9 nc684nl6 p7hjln8o kvgmc6g5 cxmmr5t8 oygrvhab hcukyx3x jb3vyjys rz4wbd8a qt6c0cv9 a8nywdso i1ao9s8h esuyzwwr f1sip0of lzcic4wl oo9gr5id gpro0wi8 lrazzd5p\" tabindex=\"0\" role=\"link\" href=\"https:\/\/www.facebook.com\/hashtag\/prvapomo%C4%87?__cft__[0]=AZUL5dI8nUs9U78Jj542TeSzAyWbJYXLgG3NWzJ1JgD6KZ_NqbF9uMfQsXYbKkE2haCCCTyZEB9SVZrRP6A0OyogCBcPIUdXmHZBHsVZRTsIoXDxI4ML_LnHQAHcR4xNm9Sy1iBNNBgmC9u_ZJ5sDSNituLZVVlazaV2xTGTeIvnGA&amp;__tn__=*NK-R\">#prvapomo\u0107<\/a><\/div>\n<\/div>\n<div class=\"o9v6fnle cxmmr5t8 oygrvhab hcukyx3x c1et5uql ii04i59q\">\n<div dir=\"auto\">______________________________________________________________<\/div>\n<\/div>\n<div class=\"o9v6fnle cxmmr5t8 oygrvhab hcukyx3x c1et5uql ii04i59q\">\n<div dir=\"auto\">Grazie alla donazione di un privato cittadino, la SEI &#8221;Edmondo de Amicis&#8221; di Buie ha ricevuto in donazione il DAE (defibrillatore Automatico Esterno). Al momento sul territorio del Buiese sono presenti 4 defibrillatori.<\/div>\n<div dir=\"auto\">Ieri la nostra Croce Rossa ha tenuto il corso sull&#8217;utilizzo del DAE per gli insegnanti della scuola elementare, al fine di avere personale adeguatamente istruito nel caso si dovesse usare il defibrillatore.<\/div>\n<div dir=\"auto\">A breve organizzeremo il corso anche per la SE &#8221;Mate Balote&#8221; di Buie e per gli asili.<\/div>\n<\/div>\n","protected":false},"excerpt":{"rendered":"<p>Zahvaljuju\u0107i privatnoj donaciji TO\u0160 &#8220;Edmondo De Amicis&#8221; bogatija je za jo\u0161 jedan AVD ure\u0111aj koji je postavljen za potrebe \u0161kole. Tako je trenutno na podru\u010dju Buja registrirano ukupno \u010dak 4<\/p>\n","protected":false},"author":1,"featured_media":655,"comment_status":"closed","ping_status":"closed","sticky":false,"template":"","format":"standard","meta":{"_monsterinsights_skip_tracking":false,"_monsterinsights_sitenote_active":false,"_monsterinsights_sitenote_note":"","_monsterinsights_sitenote_category":0,"footnotes":""},"categories":[3],"tags":[],"class_list":["post-653","post","type-post","status-publish","format-standard","has-post-thumbnail","hentry","category-novo"],"_links":{"self":[{"href":"https:\/\/www.crvenikrizbuje.hr\/index.php?rest_route=\/wp\/v2\/posts\/653","targetHints":{"allow":["GET"]}}],"collection":[{"href":"https:\/\/www.crvenikrizbuje.hr\/index.php?rest_route=\/wp\/v2\/posts"}],"about":[{"href":"https:\/\/www.crvenikrizbuje.hr\/index.php?rest_route=\/wp\/v2\/types\/post"}],"author":[{"embeddable":true,"href":"https:\/\/www.crvenikrizbuje.hr\/index.php?rest_route=\/wp\/v2\/users\/1"}],"replies":[{"embeddable":true,"href":"https:\/\/www.crvenikrizbuje.hr\/index.php?rest_route=%2Fwp%2Fv2%2Fcomments&post=653"}],"version-history":[{"count":0,"href":"https:\/\/www.crvenikrizbuje.hr\/index.php?rest_route=\/wp\/v2\/posts\/653\/revisions"}],"wp:featuredmedia":[{"embeddable":true,"href":"https:\/\/www.crvenikrizbuje.hr\/index.php?rest_route=\/wp\/v2\/media\/655"}],"wp:attachment":[{"href":"https:\/\/www.crvenikrizbuje.hr\/index.php?rest_route=%2Fwp%2Fv2%2Fmedia&parent=653"}],"wp:term":[{"taxonomy":"category","embeddable":true,"href":"https:\/\/www.crvenikrizbuje.hr\/index.php?rest_route=%2Fwp%2Fv2%2Fcategories&post=653"},{"taxonomy":"post_tag","embeddable":true,"href":"https:\/\/www.crvenikrizbuje.hr\/index.php?rest_route=%2Fwp%2Fv2%2Ftags&post=653"}],"curies":[{"name":"wp","href":"https:\/\/api.w.org\/{rel}","templated":true}]}}